{"id":21666,"date":"2013-01-30T15:03:00","date_gmt":"2013-01-30T15:03:00","guid":{"rendered":"http:\/\/localhost:81\/wp1\/?p=21666"},"modified":"2013-01-30T15:03:00","modified_gmt":"2013-01-30T15:03:00","slug":"brasil-45","status":"publish","type":"post","link":"https:\/\/sites.ecclesia.pt\/cv\/brasil-45\/","title":{"rendered":"Brasil"},"content":{"rendered":"<p>Crist\u00e3os no Mundo <!--more--> Bento XVI enviou uma mensagem de condol\u00eancias ao arcebispo da arquidiocese de Santa Maria, cidade onde no domingo morreram pelo menos 230 pessoas devido ao inc\u00eandio numa discoteca. \u201cConsternado pela tr\u00e1gica morte de centenas de jovens num inc\u00eandio em Santa Maria, o Sumo Pont\u00edfice pede a vossa excel\u00eancia que transmita \u00e0s fam\u00edlias das v\u00edtimas suas condol\u00eancias e sua participa\u00e7\u00e3o na dor de todos os enlutados\u201d, assinala o telegrama.<\/p>\n","protected":false},"excerpt":{"rendered":"<p>Crist\u00e3os no Mundo<\/p>\n","protected":false},"author":1,"featured_media":0,"comment_status":"open","ping_status":"open","sticky":false,"template":"","format":"standard","meta":{"footnotes":""},"categories":[55],"tags":[],"class_list":["post-21666","post","type-post","status-publish","format-standard","hentry","category-igreja-no-mundo"],"_links":{"self":[{"href":"https:\/\/sites.ecclesia.pt\/cv\/wp-json\/wp\/v2\/posts\/21666","targetHints":{"allow":["GET"]}}],"collection":[{"href":"https:\/\/sites.ecclesia.pt\/cv\/wp-json\/wp\/v2\/posts"}],"about":[{"href":"https:\/\/sites.ecclesia.pt\/cv\/wp-json\/wp\/v2\/types\/post"}],"author":[{"embeddable":true,"href":"https:\/\/sites.ecclesia.pt\/cv\/wp-json\/wp\/v2\/users\/1"}],"replies":[{"embeddable":true,"href":"https:\/\/sites.ecclesia.pt\/cv\/wp-json\/wp\/v2\/comments?post=21666"}],"version-history":[{"count":0,"href":"https:\/\/sites.ecclesia.pt\/cv\/wp-json\/wp\/v2\/posts\/21666\/revisions"}],"wp:attachment":[{"href":"https:\/\/sites.ecclesia.pt\/cv\/wp-json\/wp\/v2\/media?parent=21666"}],"wp:term":[{"taxonomy":"category","embeddable":true,"href":"https:\/\/sites.ecclesia.pt\/cv\/wp-json\/wp\/v2\/categories?post=21666"},{"taxonomy":"post_tag","embeddable":true,"href":"https:\/\/sites.ecclesia.pt\/cv\/wp-json\/wp\/v2\/tags?post=21666"}],"curies":[{"name":"wp","href":"https:\/\/api.w.org\/{rel}","templated":true}]}}