{"id":21672,"date":"2013-01-30T15:46:00","date_gmt":"2013-01-30T15:46:00","guid":{"rendered":"http:\/\/localhost:81\/wp1\/?p=21672"},"modified":"2013-01-30T15:46:00","modified_gmt":"2013-01-30T15:46:00","slug":"gestos-simples","status":"publish","type":"post","link":"https:\/\/sites.ecclesia.pt\/cv\/gestos-simples\/","title":{"rendered":"Gestos Simples"},"content":{"rendered":"<p>As not\u00edcias positivas escasseiam. As pessoas ou factos de refer\u00eancia, motivadores de atitudes e decis\u00f5es construtivas, ficam quase sempre na sombra, n\u00e3o aparecem nas primeiras p\u00e1ginas, s\u00e3o tendenciosamente silenciados, como se constitu\u00edssem um perigo para a opini\u00e3o p\u00fablica, capaz de contagiar com otimismo e esperan\u00e7a. Foi uma destas not\u00edcias, aparecida discretamente num dos nossos jornais, que me levou a escrever estas linhas.<\/p>\n<p>O atleta estava em posi\u00e7\u00e3o de ganhar a prova de atletismo. Equivocado, ergueu os bra\u00e7os para festejar a chegada \u00e0 meta. Mas, na verdade, ainda n\u00e3o era o lugar dos festejos: a linha final era bastante mais \u00e0 frente. <\/p>\n<p>Quem lhe seguia no encal\u00e7o poderia ter aproveitado o equ\u00edvoco, passado para a dianteira e ter colhido os louros de campe\u00e3o. Assim n\u00e3o aconteceu. \u00c9 que, em vez de beneficiar do engano do advers\u00e1rio, este concorrente estendeu o bra\u00e7o ao colega e fez-lhe saber que tinha de continuar, porque a meta era mais adiante. E, desse modo, o pr\u00e9mio acabou por ser mesmo para quem tinha lutado por ele, para quem o tinha merecido.<\/p>\n<p>Mais curioso ainda \u00e9 que, nas declara\u00e7\u00f5es prestadas, o homem que podia ter-se aproveitado da ocasi\u00e3o fez quest\u00e3o de frisar que o m\u00e9rito deve ser para quem o alcan\u00e7a e n\u00e3o para os oportunistas, que jogam na \u201cesperteza\u201d e n\u00e3o no trabalho. Belo exemplo: deu uma brilhante li\u00e7\u00e3o e explicou a bem essa li\u00e7\u00e3o!<\/p>\n<p>H\u00e1 casos destes sem conta por esse mundo al\u00e9m. Passam no sil\u00eancio, perdem-se no ocultamento, quando deveriam ser evidenciados, a balizar os caminhos da educa\u00e7\u00e3o, a ilustrar as propostas de atua\u00e7\u00e3o. N\u00e3o s\u00e3o sensacionais! N\u00e3o vendem! N\u00e3o interessam!<\/p>\n<p>\u00c9 tamb\u00e9m edificante o caso daquele homem simples, que adquiriu um terreno e o pagou honradamente. Todavia, ao verificar que uma parcela do mesmo pertencia a algu\u00e9m que ele conhecia, dirigiu-se-lhe para dizer que tomasse posse do que lhe pertencia. Embora tivesse feito pagamento de todo o terreno que comprara, descobriu que uma parte tinha outro dono. E \u201co seu a seu dono\u201d foi a regra que imperou na sua consci\u00eancia, apesar do preju\u00edzo que isso lhe acarretava.<\/p>\n<p>Bem sei que estas coisas n\u00e3o chegam aos ouvidos nem aos olhos dos grandes, dos homens p\u00fablicos, dos decisores\u2026 \u00c9 pena! Com a verdade, com a justi\u00e7a, sem fintas desonestas de oportunismo e aproveitamento dos descuidos, dos deslises, do desconhecimento dos outros, \u00e9 mais f\u00e1cil o di\u00e1logo e concerta\u00e7\u00e3o social, \u00e9 mais vi\u00e1vel e pac\u00edfica a partilha de sacrif\u00edcios, \u00e9 poss\u00edvel o retomar da esperan\u00e7a, \u00e9 certo o caminho de constru\u00e7\u00e3o do futuro. <\/p>\n<p>Sobra a esperan\u00e7a de que, de boca em boca, de consci\u00eancia em consci\u00eancia, v\u00e1 passando esta mensagem, engrossando o ribeirinho da honradez e da verdade, que se torne rio caudaloso, a fertilizar as margens desta humanidade sedenta de transpar\u00eancia. <\/p>\n","protected":false},"excerpt":{"rendered":"<p>As not\u00edcias positivas escasseiam. As pessoas ou factos de refer\u00eancia, motivadores de atitudes e decis\u00f5es construtivas, ficam quase sempre na sombra, n\u00e3o aparecem nas primeiras p\u00e1ginas, s\u00e3o tendenciosamente silenciados, como se constitu\u00edssem um perigo para a opini\u00e3o p\u00fablica, capaz de contagiar com otimismo e esperan\u00e7a. Foi uma destas not\u00edcias, aparecida discretamente num dos nossos jornais, [&hellip;]<\/p>\n","protected":false},"author":1,"featured_media":0,"comment_status":"open","ping_status":"open","sticky":false,"template":"","format":"standard","meta":{"footnotes":""},"categories":[47],"tags":[],"class_list":["post-21672","post","type-post","status-publish","format-standard","hentry","category-editorial"],"_links":{"self":[{"href":"https:\/\/sites.ecclesia.pt\/cv\/wp-json\/wp\/v2\/posts\/21672","targetHints":{"allow":["GET"]}}],"collection":[{"href":"https:\/\/sites.ecclesia.pt\/cv\/wp-json\/wp\/v2\/posts"}],"about":[{"href":"https:\/\/sites.ecclesia.pt\/cv\/wp-json\/wp\/v2\/types\/post"}],"author":[{"embeddable":true,"href":"https:\/\/sites.ecclesia.pt\/cv\/wp-json\/wp\/v2\/users\/1"}],"replies":[{"embeddable":true,"href":"https:\/\/sites.ecclesia.pt\/cv\/wp-json\/wp\/v2\/comments?post=21672"}],"version-history":[{"count":0,"href":"https:\/\/sites.ecclesia.pt\/cv\/wp-json\/wp\/v2\/posts\/21672\/revisions"}],"wp:attachment":[{"href":"https:\/\/sites.ecclesia.pt\/cv\/wp-json\/wp\/v2\/media?parent=21672"}],"wp:term":[{"taxonomy":"category","embeddable":true,"href":"https:\/\/sites.ecclesia.pt\/cv\/wp-json\/wp\/v2\/categories?post=21672"},{"taxonomy":"post_tag","embeddable":true,"href":"https:\/\/sites.ecclesia.pt\/cv\/wp-json\/wp\/v2\/tags?post=21672"}],"curies":[{"name":"wp","href":"https:\/\/api.w.org\/{rel}","templated":true}]}}