{"id":21736,"date":"2013-01-09T16:54:00","date_gmt":"2013-01-09T16:54:00","guid":{"rendered":"http:\/\/localhost:81\/wp1\/?p=21736"},"modified":"2013-01-09T16:54:00","modified_gmt":"2013-01-09T16:54:00","slug":"eugenio-fonseca-e-alfredo-bruto-da-costa-assinam-texto-pelo-aumento-do-salario-minimo-nacional","status":"publish","type":"post","link":"https:\/\/sites.ecclesia.pt\/cv\/eugenio-fonseca-e-alfredo-bruto-da-costa-assinam-texto-pelo-aumento-do-salario-minimo-nacional\/","title":{"rendered":"Eug\u00e9nio Fonseca e Alfredo Bruto da Costa assinam texto pelo aumento do sal\u00e1rio m\u00ednimo nacional"},"content":{"rendered":"<p>Aumento da retribui\u00e7\u00e3o salarial \u00e9 uma quest\u00e3o de \u201cjusti\u00e7a\u201d, \u201cdireitos humanos\u201d e de \u201crespeito\u201d.<\/p>\n<p>Um texto assinado pelos presidentes da Comiss\u00e3o Nacional Justi\u00e7a e Paz e da C\u00e1ritas Portuguesa reclama o aumento do sal\u00e1rio m\u00ednimo nacional como uma quest\u00e3o de \u201cdireitos humanos\u201d e de \u201crespeito\u201d.<\/p>\n<p>Alfredo Bruto da Costa e Eug\u00e9nio Fonseca est\u00e3o entre os signat\u00e1rios de um texto, publicado na sexta-feira, 4 de janeiro, no jornal \u00abP\u00fablico\u00bb, que afirmam o debate \u201curgente e de responsabilidade\u201d em torno do aumento do sal\u00e1rio m\u00ednimo em Portugal, \u201co mais baixo da zona euro\u201d. Os autores do texto \u00abUma quest\u00e3o de justi\u00e7a e de direitos humanos\u00bb afirmam ser \u201cinadmiss\u00edvel\u201d que um trabalhador n\u00e3o aufira de um ordenado suficiente para escapar \u00e0 pobreza.<\/p>\n<p>Os trabalhadores que auferem o sal\u00e1rio m\u00ednimo nacional, estabelecido nos 485 euros, recebem cerca de 431 euros l\u00edquidos, uma quantia inferior aos 434 euros, valor estabelecido em 2010 como o limiar da pobreza. \u201cUma situa\u00e7\u00e3o em que o exerc\u00edcio de uma profiss\u00e3o e o acesso ao emprego n\u00e3o permite escapar \u00e0 pobreza n\u00e3o \u00e9 admiss\u00edvel na Europa do s\u00e9culo XXI\u201d, pode ler-se no texto.<\/p>\n<p>Num contexto em que a pobreza se alastra e acentuam as desigualdades o sal\u00e1rio m\u00ednimo \u00e9 \u201cbasilar de coes\u00e3o social e de prote\u00e7\u00e3o dos trabalhadores\u201d contrariando a \u201cvulnerabiliza\u00e7\u00e3o\u201d e a \u201cexplora\u00e7\u00e3o da for\u00e7a do trabalho\u201d e reafirmando um \u201ccompromisso de solidariedade\u201d.<\/p>\n<p>Para os signat\u00e1rios o aumento do sal\u00e1rio m\u00ednimo \u00e9 por isso uma quest\u00e3o sobre os \u201cdireitos humanos\u201d, \u201ceconomicamente sensata\u201d pois permite uma \u201cdinamiza\u00e7\u00e3o do mercado interno\u201d e a \u201crecupera\u00e7\u00e3o econ\u00f3mica\u201d, sendo tamb\u00e9m uma quest\u00e3o democr\u00e1tica.<\/p>\n<p>O texto \u00e9 tamb\u00e9m assinado pelo presidente e pela diretora da Rede Europeia Anti-Pobreza, o padre Jardim Gon\u00e7alves e Sandra Ara\u00fajo, pelos economistas Manuela Silva e Jos\u00e9 Reis, pelos professores universit\u00e1rios Paulo Pedroso e Jos\u00e9 Manuel Pureza, pelo coordenador do CES Lisboa Manuel Carvalho da Silva, pelos assistentes sociais Jos\u00e9 Ant\u00f3nio Pinto e Fernanda Rodrigues, pelos soci\u00f3logos Eduardo V\u00edtor Rodrigues e Jos\u00e9 Soeiro.<\/p>\n<p>Ag. Ecclesia<\/p>\n","protected":false},"excerpt":{"rendered":"<p>Aumento da retribui\u00e7\u00e3o salarial \u00e9 uma quest\u00e3o de \u201cjusti\u00e7a\u201d, \u201cdireitos humanos\u201d e de \u201crespeito\u201d. Um texto assinado pelos presidentes da Comiss\u00e3o Nacional Justi\u00e7a e Paz e da C\u00e1ritas Portuguesa reclama o aumento do sal\u00e1rio m\u00ednimo nacional como uma quest\u00e3o de \u201cdireitos humanos\u201d e de \u201crespeito\u201d. Alfredo Bruto da Costa e Eug\u00e9nio Fonseca est\u00e3o entre os [&hellip;]<\/p>\n","protected":false},"author":1,"featured_media":0,"comment_status":"open","ping_status":"open","sticky":false,"template":"","format":"standard","meta":{"footnotes":""},"categories":[53],"tags":[],"class_list":["post-21736","post","type-post","status-publish","format-standard","hentry","category-igreja-em-portugal"],"_links":{"self":[{"href":"https:\/\/sites.ecclesia.pt\/cv\/wp-json\/wp\/v2\/posts\/21736","targetHints":{"allow":["GET"]}}],"collection":[{"href":"https:\/\/sites.ecclesia.pt\/cv\/wp-json\/wp\/v2\/posts"}],"about":[{"href":"https:\/\/sites.ecclesia.pt\/cv\/wp-json\/wp\/v2\/types\/post"}],"author":[{"embeddable":true,"href":"https:\/\/sites.ecclesia.pt\/cv\/wp-json\/wp\/v2\/users\/1"}],"replies":[{"embeddable":true,"href":"https:\/\/sites.ecclesia.pt\/cv\/wp-json\/wp\/v2\/comments?post=21736"}],"version-history":[{"count":0,"href":"https:\/\/sites.ecclesia.pt\/cv\/wp-json\/wp\/v2\/posts\/21736\/revisions"}],"wp:attachment":[{"href":"https:\/\/sites.ecclesia.pt\/cv\/wp-json\/wp\/v2\/media?parent=21736"}],"wp:term":[{"taxonomy":"category","embeddable":true,"href":"https:\/\/sites.ecclesia.pt\/cv\/wp-json\/wp\/v2\/categories?post=21736"},{"taxonomy":"post_tag","embeddable":true,"href":"https:\/\/sites.ecclesia.pt\/cv\/wp-json\/wp\/v2\/tags?post=21736"}],"curies":[{"name":"wp","href":"https:\/\/api.w.org\/{rel}","templated":true}]}}