{"id":21739,"date":"2013-01-16T16:17:00","date_gmt":"2013-01-16T16:17:00","guid":{"rendered":"http:\/\/localhost:81\/wp1\/?p=21739"},"modified":"2013-01-16T16:17:00","modified_gmt":"2013-01-16T16:17:00","slug":"caritas-quer-preparar-colaboradores-para-as-novas-realidades-e-rejuvenescer-acao-social","status":"publish","type":"post","link":"https:\/\/sites.ecclesia.pt\/cv\/caritas-quer-preparar-colaboradores-para-as-novas-realidades-e-rejuvenescer-acao-social\/","title":{"rendered":"C\u00e1ritas quer preparar colaboradores para as novas realidades e rejuvenescer a\u00e7\u00e3o social"},"content":{"rendered":"<p>A C\u00e1ritas Portuguesa pretende promover o \u201crejuvenescimento\u201d da sua rede de colaboradores e prepar\u00e1-los para as novas realidades que a institui\u00e7\u00e3o cat\u00f3lica tem de enfrentar.<\/p>\n<p>\u201cEstamos perante um grande desafio, que urge encarar com toda a urg\u00eancia, no sentido de percebermos que n\u00e3o podemos ter a mesma metodologia, a mesma linguagem, a mesma estrat\u00e9gia de h\u00e1 4 ou 5 anos para atender as pessoas que hoje procuram os servi\u00e7os sociais da Igreja\u201d, afirmou o presidente da organiza\u00e7\u00e3o de solidariedade, Eug\u00e9nio Fonseca.<\/p>\n<p>A C\u00e1ritas Portuguesa realizou no s\u00e1bado, em F\u00e1tima, uma a\u00e7\u00e3o de forma\u00e7\u00e3o para os seus agentes, que contou com cerca de 40 participantes, na qual se refletiu sobre a atividade, identidade e miss\u00e3o desta entidade.<\/p>\n<p>Eug\u00e9nio Fonseca sublinha que o perfil \u201cde quem pede ajuda \u00e9 diferente\u201d, visto que \u201cmuitas pessoas querem que as auxiliem na reelabora\u00e7\u00e3o de projetos de vida para voltarem a encontrar os meios de subsist\u00eancias pr\u00f3prios\u201d.<\/p>\n<p>A Carta Apost\u00f3lica \u201cIntima Ecclesiae Natura\u201d [A natureza \u00edntima da Igreja] de Bento XVI, que apresenta orienta\u00e7\u00f5es sobre o servi\u00e7o da caridade, tamb\u00e9m foi objeto de reflex\u00e3o.<\/p>\n<p>A C\u00e1ritas \u00e9 o \u201cservi\u00e7o oficial da Igreja\u201d para a a\u00e7\u00e3o social, mas n\u00e3o esgota a a\u00e7\u00e3o cat\u00f3lica nesse campo, disse Eug\u00e9nio Fonseca. O \u201cgrande desafio\u201d da C\u00e1ritas \u00e9 perceber, \u201ccom toda a urg\u00eancia\u201d, que \u201cn\u00e3o se pode ter a mesma metodologia, a mesma linguagem e as mesmas estrat\u00e9gias para atender as pessoas que hoje procuram os servi\u00e7os sociais da Igreja\u201d como se tinha h\u00e1 alguns anos, concluiu.<\/p>\n","protected":false},"excerpt":{"rendered":"<p>A C\u00e1ritas Portuguesa pretende promover o \u201crejuvenescimento\u201d da sua rede de colaboradores e prepar\u00e1-los para as novas realidades que a institui\u00e7\u00e3o cat\u00f3lica tem de enfrentar. \u201cEstamos perante um grande desafio, que urge encarar com toda a urg\u00eancia, no sentido de percebermos que n\u00e3o podemos ter a mesma metodologia, a mesma linguagem, a mesma estrat\u00e9gia de [&hellip;]<\/p>\n","protected":false},"author":1,"featured_media":0,"comment_status":"open","ping_status":"open","sticky":false,"template":"","format":"standard","meta":{"footnotes":""},"categories":[53],"tags":[],"class_list":["post-21739","post","type-post","status-publish","format-standard","hentry","category-igreja-em-portugal"],"_links":{"self":[{"href":"https:\/\/sites.ecclesia.pt\/cv\/wp-json\/wp\/v2\/posts\/21739","targetHints":{"allow":["GET"]}}],"collection":[{"href":"https:\/\/sites.ecclesia.pt\/cv\/wp-json\/wp\/v2\/posts"}],"about":[{"href":"https:\/\/sites.ecclesia.pt\/cv\/wp-json\/wp\/v2\/types\/post"}],"author":[{"embeddable":true,"href":"https:\/\/sites.ecclesia.pt\/cv\/wp-json\/wp\/v2\/users\/1"}],"replies":[{"embeddable":true,"href":"https:\/\/sites.ecclesia.pt\/cv\/wp-json\/wp\/v2\/comments?post=21739"}],"version-history":[{"count":0,"href":"https:\/\/sites.ecclesia.pt\/cv\/wp-json\/wp\/v2\/posts\/21739\/revisions"}],"wp:attachment":[{"href":"https:\/\/sites.ecclesia.pt\/cv\/wp-json\/wp\/v2\/media?parent=21739"}],"wp:term":[{"taxonomy":"category","embeddable":true,"href":"https:\/\/sites.ecclesia.pt\/cv\/wp-json\/wp\/v2\/categories?post=21739"},{"taxonomy":"post_tag","embeddable":true,"href":"https:\/\/sites.ecclesia.pt\/cv\/wp-json\/wp\/v2\/tags?post=21739"}],"curies":[{"name":"wp","href":"https:\/\/api.w.org\/{rel}","templated":true}]}}