{"id":21740,"date":"2013-01-16T16:20:00","date_gmt":"2013-01-16T16:20:00","guid":{"rendered":"http:\/\/localhost:81\/wp1\/?p=21740"},"modified":"2013-01-16T16:20:00","modified_gmt":"2013-01-16T16:20:00","slug":"papa-lembra-migrantes-e-refugiados","status":"publish","type":"post","link":"https:\/\/sites.ecclesia.pt\/cv\/papa-lembra-migrantes-e-refugiados\/","title":{"rendered":"Papa lembra migrantes e refugiados"},"content":{"rendered":"<p>Bento XVI apela ao compromisso dos cat\u00f3licos para que estas popula\u00e7\u00f5es tenham uma vida digna.<\/p>\n<p>Bento XVI assinalou no Vaticano a celebra\u00e7\u00e3o do 99.\u00ba Dia Mundial do Migrante e Refugiado, promovido pela Igreja Cat\u00f3lica, pedindo que estas popula\u00e7\u00f5es sejam ouvidas e tenham uma vida digna. \u201cTal como Jesus, vamos estar ao lado dos que sofrem e n\u00e3o t\u00eam voz para se fazer ouvir\u201d, disse o Papa, a respeito desta jornada dedicada ao fen\u00f3meno das migra\u00e7\u00f5es e das desloca\u00e7\u00f5es for\u00e7adas.<\/p>\n<p>Falando ap\u00f3s a recita\u00e7\u00e3o da ora\u00e7\u00e3o do Angelus, na Pra\u00e7a de S\u00e3o Pedro, no domingo, Bento XVI deixou votos de que \u201cem todos os lugares, estas pessoas [migrantes e refugiados] possam ser acolhidas e ajudadas para que tenham, cada uma e as suas fam\u00edlias, uma exist\u00eancia digna\u201d.<\/p>\n<p>O Papa retomou a mensagem que tinha escrito para este dia, na qual compara as migra\u00e7\u00f5es a uma \u2018peregrina\u00e7\u00e3o de f\u00e9 e de esperan\u00e7a\u2019.<\/p>\n<p>\u201cQuem deixa a sua pr\u00f3pria terra f\u00e1-lo porque espera um futuro melhor mas tamb\u00e9m porque confia em Deus que guia os passos do homem\u201d; prosseguiu, antes de considerar os migrantes como \u201cportadores de f\u00e9 e de esperan\u00e7a no mundo\u201d e saudar as comunidades estrangeiras em Roma, que confiou \u00e0 prote\u00e7\u00e3o de dois religiosos que dedicaram a sua vida a esta causa: Santa Cabrini (1850-1917) e o beato Scalabrini (1839-1905).<\/p>\n<p>A mensagem papal para 99.\u00ba Dia Mundial do Migrante e Refugiado sublinha a import\u00e2ncia de reafirmar, no atual contexto sociopol\u00edtico, o direito a \u201cn\u00e3o emigrar\u201d, isto \u00e9, ter condi\u00e7\u00f5es para permanecer na \u201cpr\u00f3pria terra\u201d. \u201cHoje vemos que muitas migra\u00e7\u00f5es s\u00e3o consequ\u00eancia da precariedade econ\u00f3mica, da car\u00eancia dos bens essenciais, de calamidades naturais, de guerras e desordens sociais\u201d, escreve o Papa.<\/p>\n<p>O documento, intitulado \u2018Migra\u00e7\u00f5es: peregrina\u00e7\u00e3o de f\u00e9 e de esperan\u00e7a\u2019, d\u00e1 destaque \u00e0 quest\u00e3o da imigra\u00e7\u00e3o ilegal que pode levar ao tr\u00e1fico e explora\u00e7\u00e3o de pessoas, com maior risco para as mulheres e crian\u00e7as.<\/p>\n<p>Ag. Ecclesia<\/p>\n","protected":false},"excerpt":{"rendered":"<p>Bento XVI apela ao compromisso dos cat\u00f3licos para que estas popula\u00e7\u00f5es tenham uma vida digna. Bento XVI assinalou no Vaticano a celebra\u00e7\u00e3o do 99.\u00ba Dia Mundial do Migrante e Refugiado, promovido pela Igreja Cat\u00f3lica, pedindo que estas popula\u00e7\u00f5es sejam ouvidas e tenham uma vida digna. \u201cTal como Jesus, vamos estar ao lado dos que sofrem [&hellip;]<\/p>\n","protected":false},"author":1,"featured_media":0,"comment_status":"open","ping_status":"open","sticky":false,"template":"","format":"standard","meta":{"footnotes":""},"categories":[55],"tags":[],"class_list":["post-21740","post","type-post","status-publish","format-standard","hentry","category-igreja-no-mundo"],"_links":{"self":[{"href":"https:\/\/sites.ecclesia.pt\/cv\/wp-json\/wp\/v2\/posts\/21740","targetHints":{"allow":["GET"]}}],"collection":[{"href":"https:\/\/sites.ecclesia.pt\/cv\/wp-json\/wp\/v2\/posts"}],"about":[{"href":"https:\/\/sites.ecclesia.pt\/cv\/wp-json\/wp\/v2\/types\/post"}],"author":[{"embeddable":true,"href":"https:\/\/sites.ecclesia.pt\/cv\/wp-json\/wp\/v2\/users\/1"}],"replies":[{"embeddable":true,"href":"https:\/\/sites.ecclesia.pt\/cv\/wp-json\/wp\/v2\/comments?post=21740"}],"version-history":[{"count":0,"href":"https:\/\/sites.ecclesia.pt\/cv\/wp-json\/wp\/v2\/posts\/21740\/revisions"}],"wp:attachment":[{"href":"https:\/\/sites.ecclesia.pt\/cv\/wp-json\/wp\/v2\/media?parent=21740"}],"wp:term":[{"taxonomy":"category","embeddable":true,"href":"https:\/\/sites.ecclesia.pt\/cv\/wp-json\/wp\/v2\/categories?post=21740"},{"taxonomy":"post_tag","embeddable":true,"href":"https:\/\/sites.ecclesia.pt\/cv\/wp-json\/wp\/v2\/tags?post=21740"}],"curies":[{"name":"wp","href":"https:\/\/api.w.org\/{rel}","templated":true}]}}