{"id":21746,"date":"2013-01-23T16:30:00","date_gmt":"2013-01-23T16:30:00","guid":{"rendered":"http:\/\/localhost:81\/wp1\/?p=21746"},"modified":"2013-01-23T16:30:00","modified_gmt":"2013-01-23T16:30:00","slug":"a-fe-convida-a","status":"publish","type":"post","link":"https:\/\/sites.ecclesia.pt\/cv\/a-fe-convida-a\/","title":{"rendered":"A f\u00e9 convida a&#8230;"},"content":{"rendered":"<p>Comunidade <!--more--> Para o sorteio do livro \u201c365 dias de F\u00e9\u201d recebemos 14 frases de 10 leitores. Entre os 10 leitores (apenas contou uma participa\u00e7\u00e3o por leitor), o sorteado foi Maria Teresa Domingues. Na p\u00e1gina 17 desta edi\u00e7\u00e3o, lan\u00e7a-se novo passatempo.<\/p>\n<p>&#8230;evangelizar.<\/p>\n<p>Maria da Gl\u00f3ria Cruz<\/p>\n<p>\u2026amar a Deus e ao pr\u00f3ximo. Eis a resposta.<\/p>\n<p>Fernando Maia Mendon\u00e7a<\/p>\n<p>\u2026conservar a paz. Quando estamos impregnados de f\u00e9, de esperan\u00e7a e de cariada, vencemos as dificuldades da vida.<\/p>\n<p>Fernanda Nunes Barnab\u00e9<\/p>\n<p>\u2026rir com os que riem, chorar com os que choram, amar os que odeiam, perdoar quem pecou.<\/p>\n<p>\u2026\u00e0 toler\u00e2ncia, \u00e0 unidade. \u00e0 partilha de saberes, \u00e0 sintonia com a comunidade crist\u00e3.<\/p>\n<p>\u2026olhar o outro como irm\u00e3o.<\/p>\n<p>\u2026aprofundar o mist\u00e9rio da salva\u00e7\u00e3o.<\/p>\n<p>Maria Teresa Domingos<\/p>\n<p>\u2026testemunhar com a Vida<\/p>\n<p>Ant\u00f3nio Jos\u00e9 Martins Pereira e Silva<\/p>\n<p>\u2026acreditar que Jesus Cristo ressuscitou.<\/p>\n<p>Raquel Pai\u00e3o<\/p>\n<p>\u2026n\u00e3o desfalecer nem desistir.<\/p>\n<p>Gon\u00e7alo Dias<\/p>\n<p>\u2026fazer invers\u00e3o de marcha na autoestrada da vida, e a avan\u00e7ar naquele caminho estreito, enlameado e cheio de espinhos, mas felizes, pois sabemos que \u00e9 esse o caminho que nos levar\u00e1 ao s\u00edtio certo.<\/p>\n<p>Elisabete Estima Cruz<\/p>\n<p>\u2026\u00e0 reflex\u00e3o sobre o nosso quotidiano, a a\u00e7\u00f5es para com os mais pr\u00f3ximos.<\/p>\n<p>\u2026a repensar a nossa atitude e a acreditar numa F\u00e9 de Esperan\u00e7a e de Amor.<\/p>\n<p>Bruno Lu\u00eds Rodrigues<\/p>\n<p>\u2026respirar a alegria e a confian\u00e7a em Jesus Cristo, Misericordioso e Justo!<\/p>\n<p>Angelina Neves<\/p>\n","protected":false},"excerpt":{"rendered":"<p>Comunidade<\/p>\n","protected":false},"author":1,"featured_media":0,"comment_status":"open","ping_status":"open","sticky":false,"template":"","format":"standard","meta":{"footnotes":""},"categories":[38],"tags":[],"class_list":["post-21746","post","type-post","status-publish","format-standard","hentry","category-destaque"],"_links":{"self":[{"href":"https:\/\/sites.ecclesia.pt\/cv\/wp-json\/wp\/v2\/posts\/21746","targetHints":{"allow":["GET"]}}],"collection":[{"href":"https:\/\/sites.ecclesia.pt\/cv\/wp-json\/wp\/v2\/posts"}],"about":[{"href":"https:\/\/sites.ecclesia.pt\/cv\/wp-json\/wp\/v2\/types\/post"}],"author":[{"embeddable":true,"href":"https:\/\/sites.ecclesia.pt\/cv\/wp-json\/wp\/v2\/users\/1"}],"replies":[{"embeddable":true,"href":"https:\/\/sites.ecclesia.pt\/cv\/wp-json\/wp\/v2\/comments?post=21746"}],"version-history":[{"count":0,"href":"https:\/\/sites.ecclesia.pt\/cv\/wp-json\/wp\/v2\/posts\/21746\/revisions"}],"wp:attachment":[{"href":"https:\/\/sites.ecclesia.pt\/cv\/wp-json\/wp\/v2\/media?parent=21746"}],"wp:term":[{"taxonomy":"category","embeddable":true,"href":"https:\/\/sites.ecclesia.pt\/cv\/wp-json\/wp\/v2\/categories?post=21746"},{"taxonomy":"post_tag","embeddable":true,"href":"https:\/\/sites.ecclesia.pt\/cv\/wp-json\/wp\/v2\/tags?post=21746"}],"curies":[{"name":"wp","href":"https:\/\/api.w.org\/{rel}","templated":true}]}}