{"id":21749,"date":"2013-01-30T14:50:00","date_gmt":"2013-01-30T14:50:00","guid":{"rendered":"http:\/\/localhost:81\/wp1\/?p=21749"},"modified":"2013-01-30T14:50:00","modified_gmt":"2013-01-30T14:50:00","slug":"reunioes-do-clero-em-fevereiro-de-2013","status":"publish","type":"post","link":"https:\/\/sites.ecclesia.pt\/cv\/reunioes-do-clero-em-fevereiro-de-2013\/","title":{"rendered":"Reuni\u00f5es do clero em fevereiro de 2013"},"content":{"rendered":"<p>Arciprestado\t\tDia\tHora\tLocal<\/p>\n<p>\u00c1gueda\t \t\t05\t09h30\tRecard\u00e3es<\/p>\n<p>Albergaria-a-Velha\t07\t09h30\tCasa Diocesana<\/p>\n<p>Anadia\t \t\t08\t09h30\tMogofores<\/p>\n<p>Aveiro\t \t\t14\t10h00\tSemin\u00e1rio Dehoniano<\/p>\n<p>Estarreja\/Murtosa\t07\t09h30\tVeiros<\/p>\n<p>\u00cdlhavo\t \t\t20\t10h00\tCosta Nova do Prado<\/p>\n<p>Oliveira do Bairro\t06\t10h00\tOliveira do Bairro<\/p>\n<p>Sever do Vouga\t\t04\t10h00\tRocas do Vouga<\/p>\n<p>Vagos\t\t\t04\t09h30\tSanto Ant\u00f3nio (Lar)<\/p>\n<p>AGENDA SUGERIDA:<\/p>\n<p>1. Hora interm\u00e9dia, com reflex\u00e3o sobre o evangelho do domingo seguinte<\/p>\n<p>2. Leitura, revis\u00e3o e aprova\u00e7\u00e3o da ata da \u00faltima reuni\u00e3o<\/p>\n<p>3. Pastoral diocesana:<\/p>\n<p>&#8211; Miss\u00e3o Jubilar <\/p>\n<p>&#8211; Recole\u00e7\u00e3o do Clero<\/p>\n<p>4. Casa Sacerdotal<\/p>\n<p>5. Pastoral arciprestal<\/p>\n<p>6. Outros assuntos<\/p>\n<p>INFORMA\u00c7\u00d5ES<\/p>\n<p>CALEND\u00c1RIO DE ALGUMAS ACTIVIDADES:<\/p>\n<p>&#9679; 02\/fev. \u2013 Dia dos Consagrados<\/p>\n<p>&#9679; 02\/fev. \u2013 Miss\u00e3o Jubilar \u2013 Reuni\u00e3o dos Coordenadores (Semin\u00e1rio)<\/p>\n<p>&#9679; 02-03\/fev. \u2013 Encontro dos pr\u00e9-seminaristas mais velhos (Semin\u00e1rio)<\/p>\n<p>&#9679; 03\/fev. \u2013 Dia da Universidade Cat\u00f3lica<\/p>\n<p>&#9679; 11\/fev. \u2013 Miss\u00e3o Jubilar (Dia da Visita)<\/p>\n<p>&#9679; 11\/fev. \u2013 Dia Mundial do Doente<\/p>\n<p>&#9679; 13\/fev. \u2013 Quarta-feira de Cinzas<\/p>\n<p>&#9679; 13\/fev. \u2013 Recole\u00e7\u00e3o do Clero<\/p>\n<p>&#9679; 15\/fev. \u2013 Miss\u00e3o Jubilar \u2013 Primeira Catequese<\/p>\n<p>&#9679; 16-17\/fev. \u2013 Retiro anual dos pr\u00e9-seminaristas mais novos (Semin\u00e1rio)<\/p>\n<p>&#9679; 22\/fev. \u2013 Miss\u00e3o Jubilar \u2013 Segunda Catequese<\/p>\n<p>&#9679; 01\/mar. \u2013 Miss\u00e3o Jubilar \u2013 Terceira Catequese<\/p>\n<p>&#9679; 02\/mar. \u2013 Miss\u00e3o Jubilar \u2013 \u201cO Transcendente presente\u201d (Museu de Aveiro<\/p>\n<p>&#9679; 02-03\/mar. \u2013 Encontro dos pr\u00e9-seminaristas mais velhos (Semin\u00e1rio)<\/p>\n<p>&#9679; 03\/mar. \u2013 Dia da C\u00e1ritas<\/p>\n<p>&#9679; 09-10\/mar. \u2013 Encontro dos pr\u00e9-seminaristas mais novos (Semin\u00e1rio)<\/p>\n","protected":false},"excerpt":{"rendered":"<p>Arciprestado Dia Hora Local \u00c1gueda 05 09h30 Recard\u00e3es Albergaria-a-Velha 07 09h30 Casa Diocesana Anadia 08 09h30 Mogofores Aveiro 14 10h00 Semin\u00e1rio Dehoniano Estarreja\/Murtosa 07 09h30 Veiros \u00cdlhavo 20 10h00 Costa Nova do Prado Oliveira do Bairro 06 10h00 Oliveira do Bairro Sever do Vouga 04 10h00 Rocas do Vouga Vagos 04 09h30 Santo Ant\u00f3nio (Lar) [&hellip;]<\/p>\n","protected":false},"author":1,"featured_media":0,"comment_status":"open","ping_status":"open","sticky":false,"template":"","format":"standard","meta":{"footnotes":""},"categories":[70],"tags":[],"class_list":["post-21749","post","type-post","status-publish","format-standard","hentry","category-diocese"],"_links":{"self":[{"href":"https:\/\/sites.ecclesia.pt\/cv\/wp-json\/wp\/v2\/posts\/21749","targetHints":{"allow":["GET"]}}],"collection":[{"href":"https:\/\/sites.ecclesia.pt\/cv\/wp-json\/wp\/v2\/posts"}],"about":[{"href":"https:\/\/sites.ecclesia.pt\/cv\/wp-json\/wp\/v2\/types\/post"}],"author":[{"embeddable":true,"href":"https:\/\/sites.ecclesia.pt\/cv\/wp-json\/wp\/v2\/users\/1"}],"replies":[{"embeddable":true,"href":"https:\/\/sites.ecclesia.pt\/cv\/wp-json\/wp\/v2\/comments?post=21749"}],"version-history":[{"count":0,"href":"https:\/\/sites.ecclesia.pt\/cv\/wp-json\/wp\/v2\/posts\/21749\/revisions"}],"wp:attachment":[{"href":"https:\/\/sites.ecclesia.pt\/cv\/wp-json\/wp\/v2\/media?parent=21749"}],"wp:term":[{"taxonomy":"category","embeddable":true,"href":"https:\/\/sites.ecclesia.pt\/cv\/wp-json\/wp\/v2\/categories?post=21749"},{"taxonomy":"post_tag","embeddable":true,"href":"https:\/\/sites.ecclesia.pt\/cv\/wp-json\/wp\/v2\/tags?post=21749"}],"curies":[{"name":"wp","href":"https:\/\/api.w.org\/{rel}","templated":true}]}}