{"id":21780,"date":"2013-01-16T16:48:00","date_gmt":"2013-01-16T16:48:00","guid":{"rendered":"http:\/\/localhost:81\/wp1\/?p=21780"},"modified":"2013-01-16T16:48:00","modified_gmt":"2013-01-16T16:48:00","slug":"para-alcancar-a-graca-de-dizer-sim-eu-creio","status":"publish","type":"post","link":"https:\/\/sites.ecclesia.pt\/cv\/para-alcancar-a-graca-de-dizer-sim-eu-creio\/","title":{"rendered":"Para alcan\u00e7ar a gra\u00e7a de dizer: &#8220;Sim, eu creio!&#8221;"},"content":{"rendered":"<p>Christophe Dufour (1947) \u00e9 bispo desde 2001. \u00c9 o atual arcebispo de Aix et Arles (Aix-en-Provence), depois de ter estado em Limoges. Tem-se empenhado na renova\u00e7\u00e3o da catequese em Fran\u00e7a, tarefa que \u00e9 certamente menos medi\u00e1tica do que debater o romance de Dan Brown \u201cC\u00f3digo da Vinci\u201d ou manifestar-se contra a expuls\u00e3o massiva de romenos, no tempo de Sarkozy. Estas duas tomadas de posi\u00e7\u00e3o tornaram o bispo mais conhecido, mas boa parte do seu minist\u00e9rio \u00e9 dedicada \u00e0 catequese, tendo presidido \u00e0 comiss\u00e3o episcopal da catequese e do catecumenado.<\/p>\n<p>Nestas cinco pequenas catequeses, dadas na igreja de Saint-Michel-des-Lions, em Limoges, Mons. Dufour reflete sobre Deus-Pai (I), Jesus Cristo (II), ressurrei\u00e7\u00e3o de Jesus (III), Esp\u00edrito Santo (IV) e na remiss\u00e3o dos pecados e vida eterna (V). \u201cV\u00f3s credes?\u201d \u201cQue vos seja dada a gra\u00e7a de dizer na f\u00e9 e com todos os crist\u00e3os: \u00abSim, em creio\u00bb\u201d.<\/p>\n","protected":false},"excerpt":{"rendered":"<p>Christophe Dufour (1947) \u00e9 bispo desde 2001. \u00c9 o atual arcebispo de Aix et Arles (Aix-en-Provence), depois de ter estado em Limoges. Tem-se empenhado na renova\u00e7\u00e3o da catequese em Fran\u00e7a, tarefa que \u00e9 certamente menos medi\u00e1tica do que debater o romance de Dan Brown \u201cC\u00f3digo da Vinci\u201d ou manifestar-se contra a expuls\u00e3o massiva de romenos, [&hellip;]<\/p>\n","protected":false},"author":1,"featured_media":0,"comment_status":"open","ping_status":"open","sticky":false,"template":"","format":"standard","meta":{"footnotes":""},"categories":[54],"tags":[],"class_list":["post-21780","post","type-post","status-publish","format-standard","hentry","category-livros-e-multimedia"],"_links":{"self":[{"href":"https:\/\/sites.ecclesia.pt\/cv\/wp-json\/wp\/v2\/posts\/21780","targetHints":{"allow":["GET"]}}],"collection":[{"href":"https:\/\/sites.ecclesia.pt\/cv\/wp-json\/wp\/v2\/posts"}],"about":[{"href":"https:\/\/sites.ecclesia.pt\/cv\/wp-json\/wp\/v2\/types\/post"}],"author":[{"embeddable":true,"href":"https:\/\/sites.ecclesia.pt\/cv\/wp-json\/wp\/v2\/users\/1"}],"replies":[{"embeddable":true,"href":"https:\/\/sites.ecclesia.pt\/cv\/wp-json\/wp\/v2\/comments?post=21780"}],"version-history":[{"count":0,"href":"https:\/\/sites.ecclesia.pt\/cv\/wp-json\/wp\/v2\/posts\/21780\/revisions"}],"wp:attachment":[{"href":"https:\/\/sites.ecclesia.pt\/cv\/wp-json\/wp\/v2\/media?parent=21780"}],"wp:term":[{"taxonomy":"category","embeddable":true,"href":"https:\/\/sites.ecclesia.pt\/cv\/wp-json\/wp\/v2\/categories?post=21780"},{"taxonomy":"post_tag","embeddable":true,"href":"https:\/\/sites.ecclesia.pt\/cv\/wp-json\/wp\/v2\/tags?post=21780"}],"curies":[{"name":"wp","href":"https:\/\/api.w.org\/{rel}","templated":true}]}}