{"id":218,"date":"2010-01-08T10:35:00","date_gmt":"2010-01-08T10:35:00","guid":{"rendered":"http:\/\/localhost:81\/wp1\/?p=218"},"modified":"2010-01-08T10:35:00","modified_gmt":"2010-01-08T10:35:00","slug":"universidade-expande-se-para-verdemilho","status":"publish","type":"post","link":"https:\/\/sites.ecclesia.pt\/cv\/universidade-expande-se-para-verdemilho\/","title":{"rendered":"Universidade expande-se para Verdemilho"},"content":{"rendered":"<p>Aveiro em Mudan\u00e7a <!--more--> A Universidade de Aveiro (UA) est\u00e1 a expandir-se para al\u00e9m do Esteiro de S\u00e3o Pedro, j\u00e1 em plena zona conhecida por Castro de Verdemilho, \u00e1rea onde j\u00e1 estava constru\u00edda a nova cantina e a Casa do Estudante \u2013 Associa\u00e7\u00e3o Acad\u00e9mica da UA.<\/p>\n<p>Ainda h\u00e1 tr\u00eas d\u00e9cadas, a UA ocupava um pequeno espa\u00e7o, pouco mais do que o edif\u00edcio da actual Portugal Telecom Inova\u00e7\u00e3o. Posteriormente, mudou-se para a zona de Santiago, iniciando a sua expans\u00e3o pelos im\u00f3veis situados nas traseiras do Bairro da Miseric\u00f3rdia e do Estabelecimento Prisional de Aveiro.<\/p>\n<p>C.F.<\/p>\n","protected":false},"excerpt":{"rendered":"<p>Aveiro em Mudan\u00e7a<\/p>\n","protected":false},"author":1,"featured_media":0,"comment_status":"open","ping_status":"open","sticky":false,"template":"","format":"standard","meta":{"footnotes":""},"categories":[45],"tags":[],"class_list":["post-218","post","type-post","status-publish","format-standard","hentry","category-regioes"],"_links":{"self":[{"href":"https:\/\/sites.ecclesia.pt\/cv\/wp-json\/wp\/v2\/posts\/218","targetHints":{"allow":["GET"]}}],"collection":[{"href":"https:\/\/sites.ecclesia.pt\/cv\/wp-json\/wp\/v2\/posts"}],"about":[{"href":"https:\/\/sites.ecclesia.pt\/cv\/wp-json\/wp\/v2\/types\/post"}],"author":[{"embeddable":true,"href":"https:\/\/sites.ecclesia.pt\/cv\/wp-json\/wp\/v2\/users\/1"}],"replies":[{"embeddable":true,"href":"https:\/\/sites.ecclesia.pt\/cv\/wp-json\/wp\/v2\/comments?post=218"}],"version-history":[{"count":0,"href":"https:\/\/sites.ecclesia.pt\/cv\/wp-json\/wp\/v2\/posts\/218\/revisions"}],"wp:attachment":[{"href":"https:\/\/sites.ecclesia.pt\/cv\/wp-json\/wp\/v2\/media?parent=218"}],"wp:term":[{"taxonomy":"category","embeddable":true,"href":"https:\/\/sites.ecclesia.pt\/cv\/wp-json\/wp\/v2\/categories?post=218"},{"taxonomy":"post_tag","embeddable":true,"href":"https:\/\/sites.ecclesia.pt\/cv\/wp-json\/wp\/v2\/tags?post=218"}],"curies":[{"name":"wp","href":"https:\/\/api.w.org\/{rel}","templated":true}]}}