{"id":21807,"date":"2013-02-21T10:35:00","date_gmt":"2013-02-21T10:35:00","guid":{"rendered":"http:\/\/localhost:81\/wp1\/?p=21807"},"modified":"2013-02-21T10:35:00","modified_gmt":"2013-02-21T10:35:00","slug":"surpresa-que-depressa-se-tornou-admiracao-agradecida","status":"publish","type":"post","link":"https:\/\/sites.ecclesia.pt\/cv\/surpresa-que-depressa-se-tornou-admiracao-agradecida\/","title":{"rendered":"Surpresa que depressa se tornou admira\u00e7\u00e3o agradecida"},"content":{"rendered":"<p>Ren\u00fancia de Bento XVI <!--more--> Comunicado do Conselho Permanente da Confer\u00eancia Episcopal Portuguesa a prop\u00f3sito da ren\u00fancia do Papa Bento XVI.<\/p>\n<p>Com surpresa recebemos a not\u00edcia da decis\u00e3o do Papa Bento XVI de renunciar ao minist\u00e9rio que recebeu como Bispo de Roma, sucessor de Pedro e pastor da Igreja universal. Mas esta surpresa depressa se tornou em admira\u00e7\u00e3o agradecida pela sua corajosa lucidez em reconhecer as limita\u00e7\u00f5es de sa\u00fade e for\u00e7as para exercer adequadamente o minist\u00e9rio ao servi\u00e7o da Igreja e para bem de toda a humanidade. Com este gesto, o Papa, \u00abservo dos servos de Deus\u00bb, nos ensina que todo o poder na Igreja \u00e9 servi\u00e7o.<\/p>\n<p>Queremos agradecer a Deus o precioso dom do pontificado de Bento XVI, que nos revelou uma f\u00e9 forte e constante; o zelo apost\u00f3lico de quem se fez tudo para todos, n\u00e3o excluindo ningu\u00e9m independentemente da sua ideologia ou religi\u00e3o; o estilo pessoal de grande simplicidade com que nos comunicou acessivelmente o seu pensamento culto e profundo; a coragem heroica com que afrontou os problemas que surgiram e defendeu a paz, a justi\u00e7a e os mais pobres.<\/p>\n<p>Estando a poucos dias da ren\u00fancia de Bento XVI, queremos exprimir o nosso profundo afeto e gratid\u00e3o e unimo-nos \u00e0 sua futura miss\u00e3o que assim resumiu: \u00abquero servir de todo o cora\u00e7\u00e3o, com uma vida consagrada \u00e0 ora\u00e7\u00e3o, a santa Igreja de Deus\u00bb. O seu exemplo de orante \u00e9 para n\u00f3s um incentivo a considerarmos a ora\u00e7\u00e3o como parte integrante da miss\u00e3o da Igreja.<\/p>\n<p>Pedimos a ora\u00e7\u00e3o dos cat\u00f3licos e de todos os crentes para que os Cardeais, inspirados pela conclus\u00e3o do Conc\u00edlio de Jerusal\u00e9m \u2013 \u00abO Esp\u00edrito Santo e n\u00f3s assim decidimos\u00bb \u2013, saibam discernir e escolher o candidato mais apto para assumir a miss\u00e3o de sucessor do ap\u00f3stolo Pedro.<\/p>\n<p>F\u00e1tima, 18 de fevereiro de 2013<\/p>\n<p>(T\u00edtulo da responsabilidade do CV)<\/p>\n","protected":false},"excerpt":{"rendered":"<p>Ren\u00fancia de Bento XVI<\/p>\n","protected":false},"author":1,"featured_media":0,"comment_status":"open","ping_status":"open","sticky":false,"template":"","format":"standard","meta":{"footnotes":""},"categories":[38],"tags":[],"class_list":["post-21807","post","type-post","status-publish","format-standard","hentry","category-destaque"],"_links":{"self":[{"href":"https:\/\/sites.ecclesia.pt\/cv\/wp-json\/wp\/v2\/posts\/21807","targetHints":{"allow":["GET"]}}],"collection":[{"href":"https:\/\/sites.ecclesia.pt\/cv\/wp-json\/wp\/v2\/posts"}],"about":[{"href":"https:\/\/sites.ecclesia.pt\/cv\/wp-json\/wp\/v2\/types\/post"}],"author":[{"embeddable":true,"href":"https:\/\/sites.ecclesia.pt\/cv\/wp-json\/wp\/v2\/users\/1"}],"replies":[{"embeddable":true,"href":"https:\/\/sites.ecclesia.pt\/cv\/wp-json\/wp\/v2\/comments?post=21807"}],"version-history":[{"count":0,"href":"https:\/\/sites.ecclesia.pt\/cv\/wp-json\/wp\/v2\/posts\/21807\/revisions"}],"wp:attachment":[{"href":"https:\/\/sites.ecclesia.pt\/cv\/wp-json\/wp\/v2\/media?parent=21807"}],"wp:term":[{"taxonomy":"category","embeddable":true,"href":"https:\/\/sites.ecclesia.pt\/cv\/wp-json\/wp\/v2\/categories?post=21807"},{"taxonomy":"post_tag","embeddable":true,"href":"https:\/\/sites.ecclesia.pt\/cv\/wp-json\/wp\/v2\/tags?post=21807"}],"curies":[{"name":"wp","href":"https:\/\/api.w.org\/{rel}","templated":true}]}}