{"id":21808,"date":"2013-02-21T10:36:00","date_gmt":"2013-02-21T10:36:00","guid":{"rendered":"http:\/\/localhost:81\/wp1\/?p=21808"},"modified":"2013-02-21T10:36:00","modified_gmt":"2013-02-21T10:36:00","slug":"cronologia-do-pontificado-de-bento-xvi-primeira-parte","status":"publish","type":"post","link":"https:\/\/sites.ecclesia.pt\/cv\/cronologia-do-pontificado-de-bento-xvi-primeira-parte\/","title":{"rendered":"Cronologia do Pontificado de Bento XVI, primeira parte"},"content":{"rendered":"<p>2005 <\/p>\n<p>Abril<\/p>\n<p>19 &#8211; O cardeal Joseph Ratzinger \u00e9 eleito como o novo Papa da Igreja Cat\u00f3lica, assumindo o nome de Bento XVI. \u201cDepois do grande Papa Jo\u00e3o Paulo II, os senhores cardeais elegeram-me a mim, um simples e humilde trabalhador da vinha do Senhor\u201d, foram as suas primeiras palavras como Papa<\/p>\n<p>24 &#8211; Missa de inaugura\u00e7\u00e3o do pontificado<\/p>\n<p>27 \u2013 Primeira audi\u00eancia geral. Bento XVI sublinha ra\u00edzes crist\u00e3s da Europa e explica a escolha do seu nome: \u201cBento evoca a extraordin\u00e1ria figura de S\u00e3o Bento, um ponto de refer\u00eancia para a unidade da Europa e as irrenunci\u00e1veis ra\u00edzes crist\u00e3s da sua cultura e civiliza\u00e7\u00e3o\u201d<\/p>\n<p>Maio<\/p>\n<p>13 \u2013 Na mem\u00f3ria lit\u00fargica de Nossa Senhora de F\u00e1tima, Bento XVI anuncia o in\u00edcio imediato do processo de canoniza\u00e7\u00e3o de Jo\u00e3o Paulo II, 42 dias depois da morte do seu predecessor<\/p>\n<p>29 \u2013 Primeira viagem do pontificado: Visita Pastoral a Bari para a conclus\u00e3o do XXIV Congresso Eucar\u00edstico Nacional italiano<\/p>\n<p>Julho<\/p>\n<p>3 \u2013 Ap\u00f3s a recita\u00e7\u00e3o do Angelus, Bento XVI pede aos pa\u00edses do G8 que adotem medidas concretas para \u201cerradicar a pobreza e ajudar a um verdadeiro desenvolvimento de \u00c1frica\u201d<\/p>\n<p>7 &#8211; Bento XVI condena atentados terroristas que atingiram a cidade de Londres, classificando-os como \u201catos b\u00e1rbaros contra a humanidade\u201d<\/p>\n<p>Agosto<\/p>\n<p>18 a 21 \u2013 Primeira viagem do Papa fora da It\u00e1lia. Bento XVI participa nas XX Jornadas Mundiais da Juventude, em Col\u00f3nia (Alemanha)<\/p>\n<p>Setembro<\/p>\n<p>24 &#8211; Bento XVI recebe o te\u00f3logo Hans K\u00fcng (Tubingen), conhecido pelas suas posi\u00e7\u00f5es pol\u00e9micas relativamente ao ensinamento da Igreja. Segundo comunicado da Santa S\u00e9, o Papa e K\u00fcng encontraram-se \u201cnum clima amig\u00e1vel\u201d<\/p>\n<p>Outubro<\/p>\n<p>16 \u2013 O canal p\u00fablico polaco, TVP, transmite a primeira entrevista televisiva de Bento XVI<\/p>\n<p>23 \u2013 Encerramento do S\u00ednodo dos Bispos e do Ano da Eucaristia convocado por Jo\u00e3o Paulo II. Bento XVI canoniza os primeiros santos do seu pontificado: o chileno Alberto Hurtado Cruchaga (1901-1952), os italianos Felice da Nicosia (1715-1787) e Gaetano Catanoso (1879-1963) e ainda os polacos Jozef Bilczewski (1860- 1923) e Zygmunt Gorazdowski (1845-1920).<\/p>\n<p>Dezembro<\/p>\n<p>25 \u2013 Primeiro Natal de Bento XVI como Papa. A mensagem de Natal e a b\u00ean\u00e7\u00e3o Urbi et Orbi, foi transmitida por 111 canais de televis\u00e3o de 68 pa\u00edses; a Missa do Galo foi transmitida por 122 canais de televis\u00e3o de 74 pa\u00edses<\/p>\n<p>2006<\/p>\n<p>Janeiro<\/p>\n<p>1 \u2013 XXXIX Dia Mundial da Paz: \u201cNa verdade, a paz\u201d<\/p>\n<p>9 \u2013 No seu discurso ao corpo diplom\u00e1tico acreditado junto da Santa S\u00e9, o Papa evocou o risco de um \u201cchoque de civiliza\u00e7\u00f5es\u201d e frisou que nenhuma circunst\u00e2ncia pode justificar os atos terroristas<\/p>\n<p>25 &#8211; Bento XVI publica a sua primeira enc\u00edclica, \u201cDeus caritas est\u201d (Deus \u00e9 amor)<\/p>\n<p>Mar\u00e7o<\/p>\n<p>23 \u2013 Encontro com o Col\u00e9gio Cardinal\u00edcio. Bento XVI confirma a sua preocupa\u00e7\u00e3o pela reconcilia\u00e7\u00e3o com os seguidores de Monsenhor Lef\u00e8bvre, a Fraternidade S\u00e3o Pio X<\/p>\n<p>Abril<\/p>\n<p>22 \u2013 D. Ant\u00f3nio Marto \u00e9 nomeado bispo de Leiria-F\u00e1tima<\/p>\n<p>Maio<\/p>\n<p>25 a 28 \u2013 Viagem  \u00e0 Pol\u00f3nia, com visita ao campo de concentra\u00e7\u00e3o de Auschwitz<\/p>\n<p>Junho<\/p>\n<p>10 \u2013 D. Il\u00eddio Leandro \u00e9 nomeado bispo de Viseu<\/p>\n<p>22 &#8211; Bento XVI nomeia um novo Secret\u00e1rio de Estado do Vaticano, o cardeal Tarcisio Bertone, que substitui o cardeal Angelo Sodano<\/p>\n<p>Julho<\/p>\n<p>8 e 9 \u2013 Visita Pastoral a Val\u00eancia (Espanha), para o encerramento do V Encontro Mundial das Fam\u00edlias<\/p>\n<p>11 \u2013Nomea\u00e7\u00e3o do Pe. Federico Lombardi como diretor da sala de imprensa da Santa S\u00e9, substituindo Joaqu\u00edn Navarro-Valls<\/p>\n<p>Setembro<\/p>\n<p>9 a 14 -Viagem  \u00e0 Baviera (Alemanha).<\/p>\n<p>17 &#8211; Bento XVI manifesta-se desolado pelas rea\u00e7\u00f5es ao seu discurso em Ratisbona<\/p>\n<p>18 \u2013 A Santa S\u00e9 procede \u00e0 abertura da totalidade dos arquivos do pontificado do Papa Pio XI (1922-1939)<\/p>\n<p>21 \u2013 D. Ant\u00f3nio Francisco dos Santos \u00e9 nomeado bispo de Aveiro<\/p>\n<p>Outubro<\/p>\n<p>16 \u2013 Canoniza\u00e7\u00e3o de quatro novos santos<\/p>\n<p>Novembro<\/p>\n<p>28 a 1 de Dezembro \u2013 Viagem  \u00e0 Turquia, com visita \u00e0 Mesquita Azul de Istambul<\/p>\n<p>2007 <\/p>\n<p>Janeiro<\/p>\n<p>1 \u2013 XL Dia Mundial da Paz: \u201cA pessoa humana, cora\u00e7\u00e3o da paz\u201d<\/p>\n<p>Fevereiro<\/p>\n<p>22 \u2013 Exorta\u00e7\u00e3o apost\u00f3lica p\u00f3s-sinodal \u2018Sacramentum Caritatis\u2019, sobre a Eucaristia fonte e \u00e1pice da vida e da miss\u00e3o da Igreja<\/p>\n<p>22 &#8211; D. Manuel Clemente \u00e9 nomeado bispo do Porto<\/p>\n<p>Mar\u00e7o<\/p>\n<p>8 \u2013 D. Ant\u00f3nio Carrilho \u00e9 nomeado bispo do Funchal<\/p>\n<p>Abril<\/p>\n<p>13 &#8211; Apresenta\u00e7\u00e3o do primeiro volume do livro \u201cJesus de Nazar\u00e9\u201d, de Joseph Ratzinger<\/p>\n<p>27 &#8211; Ban Ki-Moon anuncia que Bento XVI aceitou o convite que lhe endere\u00e7ou para visitar a sede das Na\u00e7\u00f5es Unidas, em Nova Iorque<\/p>\n<p>Maio<\/p>\n<p>9-13 \u2013 Viagem ao Brasil<\/p>\n<p>Junho<\/p>\n<p>3 \u2013 O Papa proclama quatro novos santos<\/p>\n<p>26 &#8211; Bento XVI introduz uma altera\u00e7\u00e3o nas normas que presidem \u00e0 elei\u00e7\u00e3o de um novo Papa, eliminando a possibilidade da escolha dos Cardeais ser tomada por maioria absoluta Para ser eleito papa, o cardeal tem de recolher dois ter\u00e7os dos votos.<\/p>\n<p>30 &#8211; Carta do Papa aos Bispos, aos presb\u00edteros, \u00e0s pessoas consagradas e aos fi\u00e9is leigos da Igreja cat\u00f3lica na China<\/p>\n<p>Julho<\/p>\n<p>7 &#8211; Bento XVI publica o Motu Proprio \u201cSummorum Pontificum\u201d, sobre a liturgia romana anterior \u00e0 reforma de 1970<\/p>\n<p>Setembro<\/p>\n<p>7 a 9 \u2013 Visita pastoral \u00e0 \u00c1ustria<\/p>\n<p>Outubro<\/p>\n<p>12 e 13 \u2013 O cardeal Tarcisio Bertone preside, como legado pontif\u00edcio, \u00e0 dedica\u00e7\u00e3o da nova igreja da Sant\u00edssima Trindade e ao encerramento das comemora\u00e7\u00f5es dos 90 anos das apari\u00e7\u00f5es de F\u00e1tima<\/p>\n<p>Novembro<\/p>\n<p>3 a 12 \u2013Vaticano: Visita \u2018ad Limina\u2019 dos bispos de Portugal<\/p>\n<p>30 \u2013 Nova enc\u00edclica de Bento XVI, \u201cSpe Salvi\u201d<\/p>\n<p>2008<\/p>\n<p>Janeiro <\/p>\n<p>1 \u2013 XLI Dia Mundial da Paz: \u201cFam\u00edlia humana, comunidade de paz\u201d<\/p>\n<p>8 \u2013 Nomea\u00e7\u00e3o de D. Jos\u00e9 Alves como arcebispo de \u00c9vora e de D. Am\u00e2ndio Tom\u00e1s como bispo coadjutor de Vila Real, diocese de que tomaria posse a 17 de maio de 2011<\/p>\n<p>15  &#8211; Bento XVI renuncia a visitar e proferir um discurso na universidade \u201cLa Sapienza\u201d, em Roma, ap\u00f3s protesto de estudantes e professores<\/p>\n<p>31 &#8211; D. Joaquim Mendes \u00e9 nomeado bispo auxiliar de Lisboa<\/p>\n<p>Abril<\/p>\n<p>15-21: Viagem aos Estados Unidos da Am\u00e9rica e discurso na Assembleia Geral das Na\u00e7\u00f5es Unidas<\/p>\n<p>Maio<\/p>\n<p>7 &#8211; D. Jo\u00e3o Lavrador \u00e9 nomeado bispo auxiliar do Porto<\/p>\n<p>Junho<\/p>\n<p>28  &#8211; Abertura do Ano Paulino, juntamente com o patriarca de Constantinopla, Bartolomeu I<\/p>\n<p>Julho<\/p>\n<p>12-21 &#8211; Viagem a Sidney, Austr\u00e1lia, para a Jornada Mundial da Juventude<\/p>\n<p>Setembro<\/p>\n<p>8 \u2013 Nomea\u00e7\u00e3o de D. Antonino Dias como bispo de Portalegre-Castelo Branco<\/p>\n<p>12-15 &#8211; Viagem a Fran\u00e7a pelo 150.\u00ba anivers\u00e1rio das apari\u00e7\u00f5es marianas em Lourdes<\/p>\n<p>Outubro<\/p>\n<p>5 a 26  &#8211; XII assembleia geral ordin\u00e1rio do S\u00ednodo dos Bispos, sobre a B\u00edblia<\/p>\n<p>Novembro<\/p>\n<p>8 \u2013 Bento XVI nomeia o arcebispo italiano D. Rino Passigato como n\u00fancio apost\u00f3lico (representante diplom\u00e1tico da Santa S\u00e9) em Portugal<\/p>\n<p>Pr\u00f3xima semana: Anos 2009-2013<\/p>\n","protected":false},"excerpt":{"rendered":"<p>2005 Abril 19 &#8211; O cardeal Joseph Ratzinger \u00e9 eleito como o novo Papa da Igreja Cat\u00f3lica, assumindo o nome de Bento XVI. \u201cDepois do grande Papa Jo\u00e3o Paulo II, os senhores cardeais elegeram-me a mim, um simples e humilde trabalhador da vinha do Senhor\u201d, foram as suas primeiras palavras como Papa 24 &#8211; Missa [&hellip;]<\/p>\n","protected":false},"author":1,"featured_media":0,"comment_status":"open","ping_status":"open","sticky":false,"template":"","format":"standard","meta":{"footnotes":""},"categories":[38],"tags":[],"class_list":["post-21808","post","type-post","status-publish","format-standard","hentry","category-destaque"],"_links":{"self":[{"href":"https:\/\/sites.ecclesia.pt\/cv\/wp-json\/wp\/v2\/posts\/21808","targetHints":{"allow":["GET"]}}],"collection":[{"href":"https:\/\/sites.ecclesia.pt\/cv\/wp-json\/wp\/v2\/posts"}],"about":[{"href":"https:\/\/sites.ecclesia.pt\/cv\/wp-json\/wp\/v2\/types\/post"}],"author":[{"embeddable":true,"href":"https:\/\/sites.ecclesia.pt\/cv\/wp-json\/wp\/v2\/users\/1"}],"replies":[{"embeddable":true,"href":"https:\/\/sites.ecclesia.pt\/cv\/wp-json\/wp\/v2\/comments?post=21808"}],"version-history":[{"count":0,"href":"https:\/\/sites.ecclesia.pt\/cv\/wp-json\/wp\/v2\/posts\/21808\/revisions"}],"wp:attachment":[{"href":"https:\/\/sites.ecclesia.pt\/cv\/wp-json\/wp\/v2\/media?parent=21808"}],"wp:term":[{"taxonomy":"category","embeddable":true,"href":"https:\/\/sites.ecclesia.pt\/cv\/wp-json\/wp\/v2\/categories?post=21808"},{"taxonomy":"post_tag","embeddable":true,"href":"https:\/\/sites.ecclesia.pt\/cv\/wp-json\/wp\/v2\/tags?post=21808"}],"curies":[{"name":"wp","href":"https:\/\/api.w.org\/{rel}","templated":true}]}}