{"id":21809,"date":"2013-02-21T10:43:00","date_gmt":"2013-02-21T10:43:00","guid":{"rendered":"http:\/\/localhost:81\/wp1\/?p=21809"},"modified":"2013-02-21T10:43:00","modified_gmt":"2013-02-21T10:43:00","slug":"bispo-de-aveiro-estou-em-comunhao-agradecida-com-o-santo-padre","status":"publish","type":"post","link":"https:\/\/sites.ecclesia.pt\/cv\/bispo-de-aveiro-estou-em-comunhao-agradecida-com-o-santo-padre\/","title":{"rendered":"Bispo de Aveiro: &#8220;Estou em comunh\u00e3o agradecida com o Santo Padre&#8221;"},"content":{"rendered":"<p>D. Ant\u00f3nio Francisco real\u00e7a \u201cgesto hist\u00f3rico e prof\u00e9tico, que vai iluminar decisivamente o futuro da Igreja\u201d.<\/p>\n<p>Bento XVI comunicou na segunda-feira, 11 de fevereiro, a sua decis\u00e3o de renunciar ao papado a partir de 28 de fevereiro. A decis\u00e3o apanhou todos de surpresa. \u201cSantidade, amado e venerado sucessor de Pedro, a sua mensagem cai entre n\u00f3s como um raio em c\u00e9u sereno\u201d, afirmou na ocasi\u00e3o o cardeal Angelo Sodano. \u00c0 medida que a decis\u00e3o foi interiorizada por crentes e n\u00e3o crentes, ressaltou o caracter prof\u00e9tico do gesto. Ou revolucion\u00e1rio, como alguns preferem. <\/p>\n<p>Na celebra\u00e7\u00e3o de Quarta-feira de Cinzas, no dia 13, o Bispo de Aveiro agradeceu a \u201cinexced\u00edvel coragem, dedica\u00e7\u00e3o e zelo apost\u00f3lico\u201d de Bento XVI e afirmou que acolher\u00e1 com \u201crenovada alegria e intensa comunh\u00e3o o novo Sucessor de Pedro, que o Esp\u00edrito vai conceder \u00e0 Igreja\u201d.<\/p>\n<p>\u201cQuero que a minha primeira palavra nesta S\u00e9 de Aveiro, Igreja M\u00e3e da Diocese, seja de comunh\u00e3o agradecida com o Santo Padre Bento XVI. Merece-nos respeito sagrado a sua decis\u00e3o de renunciar ao minist\u00e9rio apost\u00f3lico de Sucessor de Pedro. \u00c9 uma decis\u00e3o que lhe pertence por direito pr\u00f3prio, tomada diante de Deus, com plena consci\u00eancia e em inteira liberdade, depois de longa ora\u00e7\u00e3o e aprofundada reflex\u00e3o. F\u00ea-lo por amor \u00e0 Igreja e para abrir caminho novo ao vigor do an\u00fancio do evangelho\u201d, afirmou D. Ant\u00f3nio Francisco.<\/p>\n<p>O prelado lembrou que foi este Papa que o chamou para servir a Igreja de Aveiro e disse que nunca se esquecer\u00e1 da forma \u201ccordial, fraterna e incentivadora\u201d como foi recebido nos v\u00e1rios encontros que teve com ele, concretamente na hora em que se tornava p\u00fablica a nomea\u00e7\u00e3o como Bispo de Aveiro, a 21 de setembro de 2006, e na \u201cvisita ad limina\u201d, em novembro de 2007 (ver p\u00e1gina 13).<\/p>\n<p>D. Ant\u00f3nio Francisco real\u00e7ou as qualidades do Papa que a partir do \u00faltimo dia do m\u00eas se retirar\u00e1 para uma vida de ora\u00e7\u00e3o e estudo, primeiro na resid\u00eancia de ver\u00e3o de Castel Gandolfo e depois num convento dentro do Vaticano. \u201cA verdade, a humildade e a coragem manifestadas nesta sua decis\u00e3o dizem-nos da sua grandeza de cora\u00e7\u00e3o e do seu discernimento de intelig\u00eancia, ao sentir as suas for\u00e7as humanas a diminuir e ao analisar as atuais circunst\u00e2ncias da vida do mundo e da miss\u00e3o da Igreja. Revelam igualmente uma grande determina\u00e7\u00e3o e constituem um gesto hist\u00f3rico e prof\u00e9tico, que vai iluminar decisivamente o futuro da Igreja, como Povo de Deus animado e conduzido pelo Esp\u00edrito Santo e que tem Jesus Cristo como seu Supremo Pastor\u201d, afirmou.<\/p>\n<p>Servi\u00e7o \u00e0 Igreja continua<\/p>\n<p>No primeiro domingo da Quaresma, o Bispo de Aveiro convidou a acompanhar Bento XVI \u201ccom particular afeto nesta hora\u201d e real\u00e7ou o novo minist\u00e9rio de Joseph Ratzinger: \u201cO servi\u00e7o apost\u00f3lico que vai prestar no sil\u00eancio contemplativo da clausura que, a partir de agora \u00e9 t\u00e3o importante e necess\u00e1rio para a Igreja como aquele que sempre prestou em tantas, corajosas e diversificadas frentes de miss\u00e3o e d\u00e1-lhe nova unidade e beleza\u201d.<\/p>\n<p>J.P.F.<\/p>\n","protected":false},"excerpt":{"rendered":"<p>D. Ant\u00f3nio Francisco real\u00e7a \u201cgesto hist\u00f3rico e prof\u00e9tico, que vai iluminar decisivamente o futuro da Igreja\u201d. Bento XVI comunicou na segunda-feira, 11 de fevereiro, a sua decis\u00e3o de renunciar ao papado a partir de 28 de fevereiro. A decis\u00e3o apanhou todos de surpresa. \u201cSantidade, amado e venerado sucessor de Pedro, a sua mensagem cai entre [&hellip;]<\/p>\n","protected":false},"author":1,"featured_media":0,"comment_status":"open","ping_status":"open","sticky":false,"template":"","format":"standard","meta":{"footnotes":""},"categories":[38],"tags":[],"class_list":["post-21809","post","type-post","status-publish","format-standard","hentry","category-destaque"],"_links":{"self":[{"href":"https:\/\/sites.ecclesia.pt\/cv\/wp-json\/wp\/v2\/posts\/21809","targetHints":{"allow":["GET"]}}],"collection":[{"href":"https:\/\/sites.ecclesia.pt\/cv\/wp-json\/wp\/v2\/posts"}],"about":[{"href":"https:\/\/sites.ecclesia.pt\/cv\/wp-json\/wp\/v2\/types\/post"}],"author":[{"embeddable":true,"href":"https:\/\/sites.ecclesia.pt\/cv\/wp-json\/wp\/v2\/users\/1"}],"replies":[{"embeddable":true,"href":"https:\/\/sites.ecclesia.pt\/cv\/wp-json\/wp\/v2\/comments?post=21809"}],"version-history":[{"count":0,"href":"https:\/\/sites.ecclesia.pt\/cv\/wp-json\/wp\/v2\/posts\/21809\/revisions"}],"wp:attachment":[{"href":"https:\/\/sites.ecclesia.pt\/cv\/wp-json\/wp\/v2\/media?parent=21809"}],"wp:term":[{"taxonomy":"category","embeddable":true,"href":"https:\/\/sites.ecclesia.pt\/cv\/wp-json\/wp\/v2\/categories?post=21809"},{"taxonomy":"post_tag","embeddable":true,"href":"https:\/\/sites.ecclesia.pt\/cv\/wp-json\/wp\/v2\/tags?post=21809"}],"curies":[{"name":"wp","href":"https:\/\/api.w.org\/{rel}","templated":true}]}}