{"id":21823,"date":"2013-01-30T14:54:00","date_gmt":"2013-01-30T14:54:00","guid":{"rendered":"http:\/\/localhost:81\/wp1\/?p=21823"},"modified":"2013-01-30T14:54:00","modified_gmt":"2013-01-30T14:54:00","slug":"conferencia-nacional-das-associacoes-de-apostolado-dos-leigos-inicia-missao-e-inaugura-sitio-na-internet","status":"publish","type":"post","link":"https:\/\/sites.ecclesia.pt\/cv\/conferencia-nacional-das-associacoes-de-apostolado-dos-leigos-inicia-missao-e-inaugura-sitio-na-internet\/","title":{"rendered":"Confer\u00eancia Nacional das Associa\u00e7\u00f5es de Apostolado dos Leigos inicia miss\u00e3o e inaugura s\u00edtio na Internet"},"content":{"rendered":"<p>A Confer\u00eancia Nacional das Associa\u00e7\u00f5es de Apostolado dos Leigos (CNAL), que re\u00fane 42 organismos da Igreja Cat\u00f3lica, deu in\u00edcio p\u00fablico \u00e0s suas atividades e inaugurou na sexta-feira a sua p\u00e1gina na Internet. Uma das principais finalidades da nova estrutura \u00e9 planear \u201ca\u00e7\u00f5es coordenadas e comuns das associa\u00e7\u00f5es de fi\u00e9is, independentemente da sua finalidade e experi\u00eancia\u201d, explicou a presidente do Conselho Nacional da CNAL, Alexandra Viana Lopes.<\/p>\n<p>Os membros da plataforma pretendem igualmente \u201cestar atentos aos sinais que a sociedade suscita nas suas express\u00f5es culturais e sociais\u201d, para que a Igreja consiga dar uma \u201cresposta crist\u00e3 mais segura a essas realidades\u201d, acrescentou.<\/p>\n<p>A respons\u00e1vel gostaria que aumentasse o n\u00famero de organismos inscritos na CNAL, que atualmente correspondem a \u201caproximadamente metade\u201d do total de associa\u00e7\u00f5es aprovadas pelo episcopado portugu\u00eas. \u201cO interesse \u00e9 que todos venham a sintonizar-se com este processo de comunh\u00e3o dentro da Igreja\u201d, defende. O s\u00edtio fica em www.cnal.pt.<\/p>\n","protected":false},"excerpt":{"rendered":"<p>A Confer\u00eancia Nacional das Associa\u00e7\u00f5es de Apostolado dos Leigos (CNAL), que re\u00fane 42 organismos da Igreja Cat\u00f3lica, deu in\u00edcio p\u00fablico \u00e0s suas atividades e inaugurou na sexta-feira a sua p\u00e1gina na Internet. Uma das principais finalidades da nova estrutura \u00e9 planear \u201ca\u00e7\u00f5es coordenadas e comuns das associa\u00e7\u00f5es de fi\u00e9is, independentemente da sua finalidade e experi\u00eancia\u201d, [&hellip;]<\/p>\n","protected":false},"author":1,"featured_media":0,"comment_status":"open","ping_status":"open","sticky":false,"template":"","format":"standard","meta":{"footnotes":""},"categories":[53],"tags":[],"class_list":["post-21823","post","type-post","status-publish","format-standard","hentry","category-igreja-em-portugal"],"_links":{"self":[{"href":"https:\/\/sites.ecclesia.pt\/cv\/wp-json\/wp\/v2\/posts\/21823","targetHints":{"allow":["GET"]}}],"collection":[{"href":"https:\/\/sites.ecclesia.pt\/cv\/wp-json\/wp\/v2\/posts"}],"about":[{"href":"https:\/\/sites.ecclesia.pt\/cv\/wp-json\/wp\/v2\/types\/post"}],"author":[{"embeddable":true,"href":"https:\/\/sites.ecclesia.pt\/cv\/wp-json\/wp\/v2\/users\/1"}],"replies":[{"embeddable":true,"href":"https:\/\/sites.ecclesia.pt\/cv\/wp-json\/wp\/v2\/comments?post=21823"}],"version-history":[{"count":0,"href":"https:\/\/sites.ecclesia.pt\/cv\/wp-json\/wp\/v2\/posts\/21823\/revisions"}],"wp:attachment":[{"href":"https:\/\/sites.ecclesia.pt\/cv\/wp-json\/wp\/v2\/media?parent=21823"}],"wp:term":[{"taxonomy":"category","embeddable":true,"href":"https:\/\/sites.ecclesia.pt\/cv\/wp-json\/wp\/v2\/categories?post=21823"},{"taxonomy":"post_tag","embeddable":true,"href":"https:\/\/sites.ecclesia.pt\/cv\/wp-json\/wp\/v2\/tags?post=21823"}],"curies":[{"name":"wp","href":"https:\/\/api.w.org\/{rel}","templated":true}]}}