{"id":21846,"date":"2013-02-21T11:54:00","date_gmt":"2013-02-21T11:54:00","guid":{"rendered":"http:\/\/localhost:81\/wp1\/?p=21846"},"modified":"2013-02-21T11:54:00","modified_gmt":"2013-02-21T11:54:00","slug":"20-de-fevereiro-na-historia-de-aveiro","status":"publish","type":"post","link":"https:\/\/sites.ecclesia.pt\/cv\/20-de-fevereiro-na-historia-de-aveiro\/","title":{"rendered":"20 de fevereiro na hist\u00f3ria de Aveiro"},"content":{"rendered":"<p>1496 \u2014 El-Rei D. Manuel I confirmou no lugar de escriv\u00e3o do Almoxarifado de Aveiro um certo Jo\u00e3o de Aveiro, escudeiro, morador na dita vila, tal como era at\u00e9 ent\u00e3o por cartas de D. Afonso V e D. Jo\u00e3o II.<\/p>\n<p>1610 \u2014 Foi passada carta de apresenta\u00e7\u00e3o da capela curada do Esp\u00edrito Santo, da vila de Aveiro, ao Padre Pedro Ferreira.<\/p>\n<p>1708 \u2014 Num in-folio da C\u00e2mara Municipal de Coimbra encontram-se, com um alvar\u00e1 deste dia, tr\u00eas ordens do governador das armas da Beira, de abril de 1708 e de 27 de Abril e 22 de Maio de 1709, sobre o alistamento de soldados e a compra de cavalos para remonta nas Comarcas de Coimbra e de Esgueira.<\/p>\n<p>1761 \u2014 Foi passada carta de familiar do Santo Of\u00edcio a Manuel Gaspar da Ponte, lavrador, natural da freguesia de Requeixo, onde residia, filho de Manuel Gaspar da Taipa, e de Feliciana Nunes, de Requeixo.<\/p>\n<p> 1778 \u2014 Foi passada uma provis\u00e3o \u00e0 regente e irm\u00e3s do Conservat\u00f3rio de S. Bernardino, de Aveiro, concedendo-lhes juiz e escriv\u00e3o privativos.<\/p>\n<p>1833 \u2014 Em Aveiro, na freguesia de Nossa Senhora da Apresenta\u00e7\u00e3o, nasceu o insigne escritor, jornalista e professor Augusto Pereira Soromenho, filho de Manuel \u00c1lvares Lima e de D. Maria Jos\u00e9 Pereira Soromenho, naturais de Valen\u00e7a do Minho ent\u00e3o residentes naquela freguesia aveirense; seria batizado na respetiva igreja paroquial no dia 2 de Mar\u00e7o seguinte, pelo Padre Manuel Rodrigues Tavares de Ara\u00fajo Taborda.<\/p>\n<p>1866 \u2014 Foram trasladadas as cabe\u00e7as dos \u00abm\u00e1rtires da Liberdade\u00bb para o monumento mandado erigir, no cemit\u00e9rio central, pela C\u00e2mara Municipal da presid\u00eancia de Manuel Firmino de Almeida Maia, havendo Missa na capela privativa, celebrada pelo vig\u00e1rio-geral da Diocese, Dr. Jos\u00e9 Ant\u00f3nio Pereira Bilhano.<\/p>\n<p>1910 \u2014 Reiniciou a sua publica\u00e7\u00e3o \u201cO Correio de Aveiro\u201d, agora dirigido pelo Dr. Querubim do Vale Guimar\u00e3es.<\/p>\n<p>1930 \u2014 A C\u00e2mara Municipal de Aveiro, correspondendo ao que determinava o decreto n.\u00ba 17.171, de 29 de julho de 1929, escolheu para feriado municipal o dia 16 de maio, consagrado \u00e0 revolu\u00e7\u00e3o liberal de 1828.<\/p>\n<p>1955 \u2014 Faleceu, na sua casa de Verdemilho, o apreciado escritor e vigoroso jornalista Ac\u00e1cio Vieira da Rosa.<\/p>\n<p>1966 \u2014 Neste dia e no dia seguinte, as \u00e1guas das mar\u00e9s vivas alagaram a parte baixa da cidade de Aveiro e invadiram o piso t\u00e9rreo de muitas casas.<\/p>\n<p>Fonte: \u201cCalend\u00e1rio Hist\u00f3rico de Aveiro\u201d, <\/p>\n<p>de Ant\u00f3nio Christo e Jo\u00e3o Gon\u00e7alves Gaspar.<\/p>\n","protected":false},"excerpt":{"rendered":"<p>1496 \u2014 El-Rei D. Manuel I confirmou no lugar de escriv\u00e3o do Almoxarifado de Aveiro um certo Jo\u00e3o de Aveiro, escudeiro, morador na dita vila, tal como era at\u00e9 ent\u00e3o por cartas de D. Afonso V e D. Jo\u00e3o II. 1610 \u2014 Foi passada carta de apresenta\u00e7\u00e3o da capela curada do Esp\u00edrito Santo, da vila [&hellip;]<\/p>\n","protected":false},"author":1,"featured_media":0,"comment_status":"open","ping_status":"open","sticky":false,"template":"","format":"standard","meta":{"footnotes":""},"categories":[56],"tags":[],"class_list":["post-21846","post","type-post","status-publish","format-standard","hentry","category-almanaque"],"_links":{"self":[{"href":"https:\/\/sites.ecclesia.pt\/cv\/wp-json\/wp\/v2\/posts\/21846","targetHints":{"allow":["GET"]}}],"collection":[{"href":"https:\/\/sites.ecclesia.pt\/cv\/wp-json\/wp\/v2\/posts"}],"about":[{"href":"https:\/\/sites.ecclesia.pt\/cv\/wp-json\/wp\/v2\/types\/post"}],"author":[{"embeddable":true,"href":"https:\/\/sites.ecclesia.pt\/cv\/wp-json\/wp\/v2\/users\/1"}],"replies":[{"embeddable":true,"href":"https:\/\/sites.ecclesia.pt\/cv\/wp-json\/wp\/v2\/comments?post=21846"}],"version-history":[{"count":0,"href":"https:\/\/sites.ecclesia.pt\/cv\/wp-json\/wp\/v2\/posts\/21846\/revisions"}],"wp:attachment":[{"href":"https:\/\/sites.ecclesia.pt\/cv\/wp-json\/wp\/v2\/media?parent=21846"}],"wp:term":[{"taxonomy":"category","embeddable":true,"href":"https:\/\/sites.ecclesia.pt\/cv\/wp-json\/wp\/v2\/categories?post=21846"},{"taxonomy":"post_tag","embeddable":true,"href":"https:\/\/sites.ecclesia.pt\/cv\/wp-json\/wp\/v2\/tags?post=21846"}],"curies":[{"name":"wp","href":"https:\/\/api.w.org\/{rel}","templated":true}]}}