{"id":21852,"date":"2013-02-21T12:00:00","date_gmt":"2013-02-21T12:00:00","guid":{"rendered":"http:\/\/localhost:81\/wp1\/?p=21852"},"modified":"2013-02-21T12:00:00","modified_gmt":"2013-02-21T12:00:00","slug":"passo-a-rezar-na-net-2","status":"publish","type":"post","link":"https:\/\/sites.ecclesia.pt\/cv\/passo-a-rezar-na-net-2\/","title":{"rendered":"Passo a rezar na net"},"content":{"rendered":"<p>www.passo-a-rezar.net <!--more--> No passado dia 17 de fevereiro, primeiro domingo da quaresma, o projeto passo-a-rezar comemorou o seu terceiro anivers\u00e1rio. Torna-se assim inevit\u00e1vel que, mais uma vez, fa\u00e7amos a sugest\u00e3o de visita atenta e cuidada ao s\u00edtio deste extraordin\u00e1rio projeto cat\u00f3lico nacional sustentado na Internet.<\/p>\n<p>Este projeto inspirado no s\u00edtio \u201cpray-as-you-go\u201d (originalmente concebido pelos jesu\u00edtas ingleses) \u00e9 da responsabilidade do Apostolado da Ora\u00e7\u00e3o e pretende \u201cchegar \u00e0 cultura da vida daqueles que rezam todos os dias e que, no encontro com Jesus Cristo, ganham for\u00e7a para transformar o mundo\u201d.<\/p>\n<p>O conceito subjacente a este espa\u00e7o virtual passa pela disponibiliza\u00e7\u00e3o de um ficheiro gratuito em formato de \u00e1udio que pode ser guardado no computador e distribu\u00eddo pelas diferentes plataformas e dispositivos (e-mail, leitor de m\u00fasica digital, pen drive, smartphone, tablet, etc.). Este arquivo \u00e1udio \u00e9 composto por \u201cuma prece di\u00e1ria de 10 a 12 minutos, com m\u00fasica de fundo, introdu\u00e7\u00e3o, uma leitura \u2013 normalmente o Evangelho do dia \u2013 e pontos de ora\u00e7\u00e3o inspirados na espiritualidade de Santo In\u00e1cio de Loyola\u201d.<\/p>\n<p>Logo na p\u00e1gina inicial temos ao dispor os registos \u00e1udio das ora\u00e7\u00f5es distribu\u00eddas pelos dias da semana, de segunda a sexta, sendo ainda permitida a possibilidade de descarregarmos um ficheiro \u00fanico que \u00e9 composto por todas as ora\u00e7\u00f5es dessa semana.<\/p>\n<p>No item \u201cquem somos\u201d, ficamos a conhecer a equipa que comp\u00f5e este projeto da iniciativa do Secretariado Nacional do Apostolado da Ora\u00e7\u00e3o, uma obra da Companhia de Jesus (jesu\u00edtas) que se dedica \u00e0 promo\u00e7\u00e3o da ora\u00e7\u00e3o pessoal. Em \u201cIn\u00e1cio de Loyola\u201d, conhecemos um pouco da hist\u00f3ria da convers\u00e3o deste santo da Igreja. Na op\u00e7\u00e3o \u201cm\u00fasicas da semana\u201d, descobrimos quais s\u00e3o as composi\u00e7\u00f5es musicais que fazem parte da cada ora\u00e7\u00e3o di\u00e1ria, para isso, encontramos todas as informa\u00e7\u00f5es relativas a cada m\u00fasica. Caso pretenda automatizar a descarga regular das ora\u00e7\u00f5es di\u00e1rias, basta efectuar a subscri\u00e7\u00e3o do podcast. \u201cEm vez de irmos ao s\u00edtio buscar um ficheiro di\u00e1ria ou semanalmente, pode-se deixar o dispositivo de podcast (software) faz\u00ea-lo automaticamente\u201d.<\/p>\n<p>Fica lan\u00e7ado o repto para que aceda diariamente, durante esta quaresma, a este espa\u00e7o virtual, realizando assim a sua ora\u00e7\u00e3o de uma forma diferente e bastante enriquecedora.<\/p>\n<p>Fernando Cassola Marques<\/p>\n","protected":false},"excerpt":{"rendered":"<p>www.passo-a-rezar.net<\/p>\n","protected":false},"author":1,"featured_media":0,"comment_status":"open","ping_status":"open","sticky":false,"template":"","format":"standard","meta":{"footnotes":""},"categories":[54],"tags":[],"class_list":["post-21852","post","type-post","status-publish","format-standard","hentry","category-livros-e-multimedia"],"_links":{"self":[{"href":"https:\/\/sites.ecclesia.pt\/cv\/wp-json\/wp\/v2\/posts\/21852","targetHints":{"allow":["GET"]}}],"collection":[{"href":"https:\/\/sites.ecclesia.pt\/cv\/wp-json\/wp\/v2\/posts"}],"about":[{"href":"https:\/\/sites.ecclesia.pt\/cv\/wp-json\/wp\/v2\/types\/post"}],"author":[{"embeddable":true,"href":"https:\/\/sites.ecclesia.pt\/cv\/wp-json\/wp\/v2\/users\/1"}],"replies":[{"embeddable":true,"href":"https:\/\/sites.ecclesia.pt\/cv\/wp-json\/wp\/v2\/comments?post=21852"}],"version-history":[{"count":0,"href":"https:\/\/sites.ecclesia.pt\/cv\/wp-json\/wp\/v2\/posts\/21852\/revisions"}],"wp:attachment":[{"href":"https:\/\/sites.ecclesia.pt\/cv\/wp-json\/wp\/v2\/media?parent=21852"}],"wp:term":[{"taxonomy":"category","embeddable":true,"href":"https:\/\/sites.ecclesia.pt\/cv\/wp-json\/wp\/v2\/categories?post=21852"},{"taxonomy":"post_tag","embeddable":true,"href":"https:\/\/sites.ecclesia.pt\/cv\/wp-json\/wp\/v2\/tags?post=21852"}],"curies":[{"name":"wp","href":"https:\/\/api.w.org\/{rel}","templated":true}]}}