{"id":21860,"date":"2013-02-06T16:11:00","date_gmt":"2013-02-06T16:11:00","guid":{"rendered":"http:\/\/localhost:81\/wp1\/?p=21860"},"modified":"2013-02-06T16:11:00","modified_gmt":"2013-02-06T16:11:00","slug":"bispo-de-aveiro-155","status":"publish","type":"post","link":"https:\/\/sites.ecclesia.pt\/cv\/bispo-de-aveiro-155\/","title":{"rendered":"Bispo de Aveiro"},"content":{"rendered":"<p>De 28 a 31 de janeiro: D. Ant\u00f3nio Francisco participou na Forma\u00e7\u00e3o do Clero da Diocese na Casa Diocesana de Albergaria-a-Velha.<\/p>\n<p>Dia 1 de fevereiro: Reuniu com a Comiss\u00e3o do Fundo Econ\u00f3mico do Clero.<\/p>\n<p>Dia 2: Participou na reuni\u00e3o de coordenadores paroquiais da Miss\u00e3o Jubilar, no Semin\u00e1rio; apresentou o livro do padre Jos\u00e9 Ant\u00f3nio Carneiro; celebrou a Eucaristia na S\u00e9 de Aveiro, no Dia do Consagrado.<\/p>\n<p>Dia3: Celebrou a Eucaristia na par\u00f3quia de S\u00e3o Jo\u00e3o de Loure; participou no dia do Centro Social de Nossa Senhora de F\u00e1tima.<\/p>\n<p>Dia 4: Participou na reuni\u00e3o do clero de Sever do Vouga; participou no anivers\u00e1rio do padre Tavares; presidiu \u00e0s ex\u00e9quias da m\u00e3e do padre Rog\u00e9rio Oliveira.<\/p>\n<p>Dia 5: Reuniu com os seminaristas maiores no Semin\u00e1rio de S\u00e3o Jos\u00e9 de Caparide.<\/p>\n<p>Dia 6: Re\u00fane com o Conselho Episcopal; preside \u00e0s ex\u00e9quias da irm\u00e3 de D. Manuel de Almeida Trindade.<\/p>\n<p>Dia7: Re\u00fane com a Comiss\u00e3o Episcopal da Educa\u00e7\u00e3o Crist\u00e3.<\/p>\n<p>Dia 9: Participa na tomada de posse dos corpos gerentes da Santa Casa da Miseric\u00f3rdia de Oliveira do Bairro; participa na apresenta\u00e7\u00e3o do livro \u201cOl\u00edmpicos de Aveiro\u201d.<\/p>\n","protected":false},"excerpt":{"rendered":"<p>De 28 a 31 de janeiro: D. Ant\u00f3nio Francisco participou na Forma\u00e7\u00e3o do Clero da Diocese na Casa Diocesana de Albergaria-a-Velha. Dia 1 de fevereiro: Reuniu com a Comiss\u00e3o do Fundo Econ\u00f3mico do Clero. Dia 2: Participou na reuni\u00e3o de coordenadores paroquiais da Miss\u00e3o Jubilar, no Semin\u00e1rio; apresentou o livro do padre Jos\u00e9 Ant\u00f3nio Carneiro; [&hellip;]<\/p>\n","protected":false},"author":1,"featured_media":0,"comment_status":"open","ping_status":"open","sticky":false,"template":"","format":"standard","meta":{"footnotes":""},"categories":[70],"tags":[],"class_list":["post-21860","post","type-post","status-publish","format-standard","hentry","category-diocese"],"_links":{"self":[{"href":"https:\/\/sites.ecclesia.pt\/cv\/wp-json\/wp\/v2\/posts\/21860","targetHints":{"allow":["GET"]}}],"collection":[{"href":"https:\/\/sites.ecclesia.pt\/cv\/wp-json\/wp\/v2\/posts"}],"about":[{"href":"https:\/\/sites.ecclesia.pt\/cv\/wp-json\/wp\/v2\/types\/post"}],"author":[{"embeddable":true,"href":"https:\/\/sites.ecclesia.pt\/cv\/wp-json\/wp\/v2\/users\/1"}],"replies":[{"embeddable":true,"href":"https:\/\/sites.ecclesia.pt\/cv\/wp-json\/wp\/v2\/comments?post=21860"}],"version-history":[{"count":0,"href":"https:\/\/sites.ecclesia.pt\/cv\/wp-json\/wp\/v2\/posts\/21860\/revisions"}],"wp:attachment":[{"href":"https:\/\/sites.ecclesia.pt\/cv\/wp-json\/wp\/v2\/media?parent=21860"}],"wp:term":[{"taxonomy":"category","embeddable":true,"href":"https:\/\/sites.ecclesia.pt\/cv\/wp-json\/wp\/v2\/categories?post=21860"},{"taxonomy":"post_tag","embeddable":true,"href":"https:\/\/sites.ecclesia.pt\/cv\/wp-json\/wp\/v2\/tags?post=21860"}],"curies":[{"name":"wp","href":"https:\/\/api.w.org\/{rel}","templated":true}]}}