{"id":21861,"date":"2013-02-06T16:14:00","date_gmt":"2013-02-06T16:14:00","guid":{"rendered":"http:\/\/localhost:81\/wp1\/?p=21861"},"modified":"2013-02-06T16:14:00","modified_gmt":"2013-02-06T16:14:00","slug":"rostos-palavras-97","status":"publish","type":"post","link":"https:\/\/sites.ecclesia.pt\/cv\/rostos-palavras-97\/","title":{"rendered":"Rostos &#038; Palavras"},"content":{"rendered":"<p>\u201cA maior parte das igrejas em Portugal est\u00e3o cheias de tesouros e de s\u00edmbolos com os quais a comunidade hoje n\u00e3o tem a capacidade de dialogar\u201d.<\/p>\n<p>P.e Tolentino Mendon\u00e7a, diretor do Secretariado Nacional da Pastoral da Cultura em entrevista \u00e0 Ecclesia. O respons\u00e1vel diz que a Igreja funciona muito em \u201ccircuito fechado\u201d e precisa de simplificar o seu di\u00e1logo com a sociedade. A origem do problema est\u00e1 centrada na utiliza\u00e7\u00e3o de \u201cuma linguagem pastoral que s\u00f3\u201d os fi\u00e9is \u201centendem\u201d e na falta de dinamiza\u00e7\u00e3o dos lugares de culto, que em alguns casos \u201cparecem arrecada\u00e7\u00f5es\u201d.<\/p>\n","protected":false},"excerpt":{"rendered":"<p>\u201cA maior parte das igrejas em Portugal est\u00e3o cheias de tesouros e de s\u00edmbolos com os quais a comunidade hoje n\u00e3o tem a capacidade de dialogar\u201d. P.e Tolentino Mendon\u00e7a, diretor do Secretariado Nacional da Pastoral da Cultura em entrevista \u00e0 Ecclesia. O respons\u00e1vel diz que a Igreja funciona muito em \u201ccircuito fechado\u201d e precisa de [&hellip;]<\/p>\n","protected":false},"author":1,"featured_media":0,"comment_status":"open","ping_status":"open","sticky":false,"template":"","format":"standard","meta":{"footnotes":""},"categories":[53],"tags":[],"class_list":["post-21861","post","type-post","status-publish","format-standard","hentry","category-igreja-em-portugal"],"_links":{"self":[{"href":"https:\/\/sites.ecclesia.pt\/cv\/wp-json\/wp\/v2\/posts\/21861","targetHints":{"allow":["GET"]}}],"collection":[{"href":"https:\/\/sites.ecclesia.pt\/cv\/wp-json\/wp\/v2\/posts"}],"about":[{"href":"https:\/\/sites.ecclesia.pt\/cv\/wp-json\/wp\/v2\/types\/post"}],"author":[{"embeddable":true,"href":"https:\/\/sites.ecclesia.pt\/cv\/wp-json\/wp\/v2\/users\/1"}],"replies":[{"embeddable":true,"href":"https:\/\/sites.ecclesia.pt\/cv\/wp-json\/wp\/v2\/comments?post=21861"}],"version-history":[{"count":0,"href":"https:\/\/sites.ecclesia.pt\/cv\/wp-json\/wp\/v2\/posts\/21861\/revisions"}],"wp:attachment":[{"href":"https:\/\/sites.ecclesia.pt\/cv\/wp-json\/wp\/v2\/media?parent=21861"}],"wp:term":[{"taxonomy":"category","embeddable":true,"href":"https:\/\/sites.ecclesia.pt\/cv\/wp-json\/wp\/v2\/categories?post=21861"},{"taxonomy":"post_tag","embeddable":true,"href":"https:\/\/sites.ecclesia.pt\/cv\/wp-json\/wp\/v2\/tags?post=21861"}],"curies":[{"name":"wp","href":"https:\/\/api.w.org\/{rel}","templated":true}]}}