{"id":21881,"date":"2013-02-28T09:53:00","date_gmt":"2013-02-28T09:53:00","guid":{"rendered":"http:\/\/localhost:81\/wp1\/?p=21881"},"modified":"2013-02-28T09:53:00","modified_gmt":"2013-02-28T09:53:00","slug":"maioria-parlamentar-propoe-ao-governo-que-turismo-religioso-seja-produto-estrategico","status":"publish","type":"post","link":"https:\/\/sites.ecclesia.pt\/cv\/maioria-parlamentar-propoe-ao-governo-que-turismo-religioso-seja-produto-estrategico\/","title":{"rendered":"Maioria parlamentar prop\u00f5e ao governo que turismo religioso seja &#8220;produto estrat\u00e9gico&#8221;"},"content":{"rendered":"<p>Deputados do PSD e do CDS\/PP, partidos da maioria parlamentar, propuseram ao governo que o turismo religioso seja considerado \u201cum dos produtos estrat\u00e9gicos\u201d a incluir no plano nacional para o setor.<\/p>\n<p>O Projeto de Resolu\u00e7\u00e3o sublinha que o turismo religioso, que corresponde a 10% do total em Portugal, \u201cdever\u00e1 consolidar-se como um fator gerador de riqueza\u201d para o pa\u00eds.<\/p>\n<p>\u201cOs \u00faltimos dados dispon\u00edveis dizem-nos que 3\/4 do patrim\u00f3nio material e imaterial portugu\u00eas se calcula ser religioso, entre igrejas, mosteiros, sinagogas, arte sacra\u201d, real\u00e7am os 33 signat\u00e1rios.<\/p>\n<p>O \u201cafluxo de cerca de 5 milh\u00f5es de visitantes por ano, por exemplo, em F\u00e1tima\u201d, justifica a inclus\u00e3o no Plano Estrat\u00e9gico Nacional do Turismo (PENT), no \u00e2mbito da sua revis\u00e3o, prevista para 2015.<\/p>\n<p>Destinos como o Bom Jesus de Braga, Sameiro, S\u00e3o Gon\u00e7alo de Amarante, Nossa Senhora da Lapa e S\u00e3o Bento da Porta Aberta \u201cpoder\u00e3o atrair cerca de um milh\u00e3o de visitantes anuais\u201d, refere o documento, acrescentando que o Santu\u00e1rio da Nossa Senhora da Penha, em Guimar\u00e3es, \u201cregista igualmente um n\u00famero significativo de visitantes\u201d.<\/p>\n","protected":false},"excerpt":{"rendered":"<p>Deputados do PSD e do CDS\/PP, partidos da maioria parlamentar, propuseram ao governo que o turismo religioso seja considerado \u201cum dos produtos estrat\u00e9gicos\u201d a incluir no plano nacional para o setor. O Projeto de Resolu\u00e7\u00e3o sublinha que o turismo religioso, que corresponde a 10% do total em Portugal, \u201cdever\u00e1 consolidar-se como um fator gerador de [&hellip;]<\/p>\n","protected":false},"author":1,"featured_media":0,"comment_status":"open","ping_status":"open","sticky":false,"template":"","format":"standard","meta":{"footnotes":""},"categories":[53],"tags":[],"class_list":["post-21881","post","type-post","status-publish","format-standard","hentry","category-igreja-em-portugal"],"_links":{"self":[{"href":"https:\/\/sites.ecclesia.pt\/cv\/wp-json\/wp\/v2\/posts\/21881","targetHints":{"allow":["GET"]}}],"collection":[{"href":"https:\/\/sites.ecclesia.pt\/cv\/wp-json\/wp\/v2\/posts"}],"about":[{"href":"https:\/\/sites.ecclesia.pt\/cv\/wp-json\/wp\/v2\/types\/post"}],"author":[{"embeddable":true,"href":"https:\/\/sites.ecclesia.pt\/cv\/wp-json\/wp\/v2\/users\/1"}],"replies":[{"embeddable":true,"href":"https:\/\/sites.ecclesia.pt\/cv\/wp-json\/wp\/v2\/comments?post=21881"}],"version-history":[{"count":0,"href":"https:\/\/sites.ecclesia.pt\/cv\/wp-json\/wp\/v2\/posts\/21881\/revisions"}],"wp:attachment":[{"href":"https:\/\/sites.ecclesia.pt\/cv\/wp-json\/wp\/v2\/media?parent=21881"}],"wp:term":[{"taxonomy":"category","embeddable":true,"href":"https:\/\/sites.ecclesia.pt\/cv\/wp-json\/wp\/v2\/categories?post=21881"},{"taxonomy":"post_tag","embeddable":true,"href":"https:\/\/sites.ecclesia.pt\/cv\/wp-json\/wp\/v2\/tags?post=21881"}],"curies":[{"name":"wp","href":"https:\/\/api.w.org\/{rel}","templated":true}]}}