{"id":21884,"date":"2013-02-28T10:08:00","date_gmt":"2013-02-28T10:08:00","guid":{"rendered":"http:\/\/localhost:81\/wp1\/?p=21884"},"modified":"2013-02-28T10:08:00","modified_gmt":"2013-02-28T10:08:00","slug":"espanha-47","status":"publish","type":"post","link":"https:\/\/sites.ecclesia.pt\/cv\/espanha-47\/","title":{"rendered":"Espanha"},"content":{"rendered":"<p>Crist\u00e3os no Mundo <!--more--> Cerca de 9,1 milh\u00f5es de espanh\u00f3is marcaram o \u201cX\u201d na atribui\u00e7\u00e3o de uma percentagem do IRS de 2011 \u00e0 Igreja Cat\u00f3lica. O n\u00famero significa uma descida de 97.786 declarantes em rela\u00e7\u00e3o ao ano anterior. Em termos globais, a Igreja arrecadou 237,1 milh\u00f5es de euros, menos 1,2 do que em rela\u00e7\u00e3o aos rendimentos singulares de 2010.<\/p>\n","protected":false},"excerpt":{"rendered":"<p>Crist\u00e3os no Mundo<\/p>\n","protected":false},"author":1,"featured_media":0,"comment_status":"open","ping_status":"open","sticky":false,"template":"","format":"standard","meta":{"footnotes":""},"categories":[55],"tags":[],"class_list":["post-21884","post","type-post","status-publish","format-standard","hentry","category-igreja-no-mundo"],"_links":{"self":[{"href":"https:\/\/sites.ecclesia.pt\/cv\/wp-json\/wp\/v2\/posts\/21884","targetHints":{"allow":["GET"]}}],"collection":[{"href":"https:\/\/sites.ecclesia.pt\/cv\/wp-json\/wp\/v2\/posts"}],"about":[{"href":"https:\/\/sites.ecclesia.pt\/cv\/wp-json\/wp\/v2\/types\/post"}],"author":[{"embeddable":true,"href":"https:\/\/sites.ecclesia.pt\/cv\/wp-json\/wp\/v2\/users\/1"}],"replies":[{"embeddable":true,"href":"https:\/\/sites.ecclesia.pt\/cv\/wp-json\/wp\/v2\/comments?post=21884"}],"version-history":[{"count":0,"href":"https:\/\/sites.ecclesia.pt\/cv\/wp-json\/wp\/v2\/posts\/21884\/revisions"}],"wp:attachment":[{"href":"https:\/\/sites.ecclesia.pt\/cv\/wp-json\/wp\/v2\/media?parent=21884"}],"wp:term":[{"taxonomy":"category","embeddable":true,"href":"https:\/\/sites.ecclesia.pt\/cv\/wp-json\/wp\/v2\/categories?post=21884"},{"taxonomy":"post_tag","embeddable":true,"href":"https:\/\/sites.ecclesia.pt\/cv\/wp-json\/wp\/v2\/tags?post=21884"}],"curies":[{"name":"wp","href":"https:\/\/api.w.org\/{rel}","templated":true}]}}