{"id":21885,"date":"2013-02-28T10:09:00","date_gmt":"2013-02-28T10:09:00","guid":{"rendered":"http:\/\/localhost:81\/wp1\/?p=21885"},"modified":"2013-02-28T10:09:00","modified_gmt":"2013-02-28T10:09:00","slug":"siria-10","status":"publish","type":"post","link":"https:\/\/sites.ecclesia.pt\/cv\/siria-10\/","title":{"rendered":"S\u00edria"},"content":{"rendered":"<p>Crist\u00e3os no Mundo <!--more--> Um crist\u00e3o da comunidade arm\u00e9nia apost\u00f3lica foi assassinado em Aleppo por terroristas isl\u00e2micos, um dos quais disparou contra a cruz que levava no pesco\u00e7o. O autocarro em que viajava o crist\u00e3o foi detido e os terroristas revistaram os passageiros. Ao revistarem o arm\u00e9nio de sobrenome Yohannes descobriram que tinha uma grande cruz no pesco\u00e7o. Um dos islamistas disparou contra a cruz, assassinando-o.<\/p>\n","protected":false},"excerpt":{"rendered":"<p>Crist\u00e3os no Mundo<\/p>\n","protected":false},"author":1,"featured_media":0,"comment_status":"open","ping_status":"open","sticky":false,"template":"","format":"standard","meta":{"footnotes":""},"categories":[55],"tags":[],"class_list":["post-21885","post","type-post","status-publish","format-standard","hentry","category-igreja-no-mundo"],"_links":{"self":[{"href":"https:\/\/sites.ecclesia.pt\/cv\/wp-json\/wp\/v2\/posts\/21885","targetHints":{"allow":["GET"]}}],"collection":[{"href":"https:\/\/sites.ecclesia.pt\/cv\/wp-json\/wp\/v2\/posts"}],"about":[{"href":"https:\/\/sites.ecclesia.pt\/cv\/wp-json\/wp\/v2\/types\/post"}],"author":[{"embeddable":true,"href":"https:\/\/sites.ecclesia.pt\/cv\/wp-json\/wp\/v2\/users\/1"}],"replies":[{"embeddable":true,"href":"https:\/\/sites.ecclesia.pt\/cv\/wp-json\/wp\/v2\/comments?post=21885"}],"version-history":[{"count":0,"href":"https:\/\/sites.ecclesia.pt\/cv\/wp-json\/wp\/v2\/posts\/21885\/revisions"}],"wp:attachment":[{"href":"https:\/\/sites.ecclesia.pt\/cv\/wp-json\/wp\/v2\/media?parent=21885"}],"wp:term":[{"taxonomy":"category","embeddable":true,"href":"https:\/\/sites.ecclesia.pt\/cv\/wp-json\/wp\/v2\/categories?post=21885"},{"taxonomy":"post_tag","embeddable":true,"href":"https:\/\/sites.ecclesia.pt\/cv\/wp-json\/wp\/v2\/tags?post=21885"}],"curies":[{"name":"wp","href":"https:\/\/api.w.org\/{rel}","templated":true}]}}