{"id":21886,"date":"2013-02-28T10:10:00","date_gmt":"2013-02-28T10:10:00","guid":{"rendered":"http:\/\/localhost:81\/wp1\/?p=21886"},"modified":"2013-02-28T10:10:00","modified_gmt":"2013-02-28T10:10:00","slug":"alemanha-14","status":"publish","type":"post","link":"https:\/\/sites.ecclesia.pt\/cv\/alemanha-14\/","title":{"rendered":"Alemanha"},"content":{"rendered":"<p>Crist\u00e3os no Mundo <!--more--> Os bispos alem\u00e3es concordaram em permitir o uso da \u201cp\u00edlula do dia seguinte\u201d nos hospitais cat\u00f3licos em casos de viola\u00e7\u00e3o, desde que a p\u00edlula seja contractiva e n\u00e3o abortiva. \u201cM\u00e9todos m\u00e9dicos ou farmac\u00eauticos que levem \u00e0 morte do embri\u00e3o continuam proibidos\u201d, acrescenta a declara\u00e7\u00e3o dos bispos alem\u00e3es de 21 de fevereiro.<\/p>\n","protected":false},"excerpt":{"rendered":"<p>Crist\u00e3os no Mundo<\/p>\n","protected":false},"author":1,"featured_media":0,"comment_status":"open","ping_status":"open","sticky":false,"template":"","format":"standard","meta":{"footnotes":""},"categories":[55],"tags":[],"class_list":["post-21886","post","type-post","status-publish","format-standard","hentry","category-igreja-no-mundo"],"_links":{"self":[{"href":"https:\/\/sites.ecclesia.pt\/cv\/wp-json\/wp\/v2\/posts\/21886","targetHints":{"allow":["GET"]}}],"collection":[{"href":"https:\/\/sites.ecclesia.pt\/cv\/wp-json\/wp\/v2\/posts"}],"about":[{"href":"https:\/\/sites.ecclesia.pt\/cv\/wp-json\/wp\/v2\/types\/post"}],"author":[{"embeddable":true,"href":"https:\/\/sites.ecclesia.pt\/cv\/wp-json\/wp\/v2\/users\/1"}],"replies":[{"embeddable":true,"href":"https:\/\/sites.ecclesia.pt\/cv\/wp-json\/wp\/v2\/comments?post=21886"}],"version-history":[{"count":0,"href":"https:\/\/sites.ecclesia.pt\/cv\/wp-json\/wp\/v2\/posts\/21886\/revisions"}],"wp:attachment":[{"href":"https:\/\/sites.ecclesia.pt\/cv\/wp-json\/wp\/v2\/media?parent=21886"}],"wp:term":[{"taxonomy":"category","embeddable":true,"href":"https:\/\/sites.ecclesia.pt\/cv\/wp-json\/wp\/v2\/categories?post=21886"},{"taxonomy":"post_tag","embeddable":true,"href":"https:\/\/sites.ecclesia.pt\/cv\/wp-json\/wp\/v2\/tags?post=21886"}],"curies":[{"name":"wp","href":"https:\/\/api.w.org\/{rel}","templated":true}]}}