{"id":21912,"date":"2013-02-28T10:26:00","date_gmt":"2013-02-28T10:26:00","guid":{"rendered":"http:\/\/localhost:81\/wp1\/?p=21912"},"modified":"2013-02-28T10:26:00","modified_gmt":"2013-02-28T10:26:00","slug":"27-de-fevereiro-na-historia-de-aveiro","status":"publish","type":"post","link":"https:\/\/sites.ecclesia.pt\/cv\/27-de-fevereiro-na-historia-de-aveiro\/","title":{"rendered":"27 de fevereiro na hist\u00f3ria de Aveiro"},"content":{"rendered":"<p>1434 \u2014 El-Rei D. Duarte deu poder e licen\u00e7a a seu irm\u00e3o o Infante D. Pedro para ele conceder o privil\u00e9gio \u00abao concelho da vila de Aveiro para a\u00ed fazerem feira cada ano, que come\u00e7ar\u00e1 o primeiro de Maio e durar\u00e1 at\u00e9 dia de S. Miguel, que s\u00e3o oito dias\u00bb; e \u00abos que a ela vierem comprar e vender pagar\u00e3o s\u00f3 meia sisa\u00bb.<\/p>\n<p>1437 \u2014 El-Rei D. Duarte fez doa\u00e7\u00e3o ao Infante D. Pedro de diversas terras, entre as quais os lugares de \u00cdlhavo e de Vila de Milho \u2013 hoje designada Verdemilho \u2013 e ainda os casais de S\u00e1.<\/p>\n<p>1451 \u2014 Foi passada carta r\u00e9gia a Louren\u00e7o Eanes de Morais, escudeiro do Infante D. Henrique, morador na vila de Aveiro, nomeando-o vedor das obras dos muros da vila.<\/p>\n<p>1756 \u2014 Foi passada carta de familiar do Santo Of\u00edcio a Jo\u00e3o Ferreira de Sousa morador na vila de Aveiro, mas natural de Ouvinho de Cima, freguesia de Santa Leoc\u00e1dia de Briteiros, Guimar\u00e3es.<\/p>\n<p>1867 \u2014 Uma portaria concedeu \u00e0 C\u00e2mara Municipal o terreno e as ru\u00ednas do Pa\u00e7o Episcopal \u2013 o velho pal\u00e1cio dos Tavares \u2013 que sofrera um inc\u00eandio em 20 de Julho de 1864. No seu local come\u00e7ou a edificar-se, neste mesmo ano, a casa para uma escola do \u00abConde Ferreira\u00bb, que n\u00e3o chegou a concluir-se.<\/p>\n<p>1880 \u2014 Faleceu em Aveiro o talentoso e sabedor, bondoso e caritativo Padre Jo\u00e3o Jos\u00e9 Marques da Silva Valente \u2013 o Padre Passante \u2013 que, embora natural da Murtosa, aqui exerceu os cargos de professor, vig\u00e1rio-geral da Diocese e, a partir de 1859, p\u00e1roco da freguesia da Vera Cruz.<\/p>\n<p>1898 \u2014 Come\u00e7ou a publicar-se o Jornal de Aveiro, que se intitulava seman\u00e1rio republicano; terminou em 19 de Fevereiro de 1899. Foi seu editor o Dr. Jaime Duarte Silva.<\/p>\n<p>1917 \u2014 Pelo decreto n.\u00ba 3.003, desta data, foi aprovado o \u00abRegulamento da pesca e da apanha do moli\u00e7o na Ria de Aveiro\u00bb.<\/p>\n<p>1961 \u2014 Com a presen\u00e7a do Dr. Henrique Veiga de Macedo, ministro das Corpora\u00e7\u00f5es e Previd\u00eancia Social, foi inaugurado o bairro das Barrocas \u2013 72 fogos distribu\u00eddos em quatro blocos habitacionais.<\/p>\n<p>1984 \u2014 Ap\u00f3s concurso p\u00fablico, em que foram apresentadas quarenta e tr\u00eas propostas, a C\u00e2mara Municipal de Aveiro adjudicou ao arquiteto H\u00e9lder T\u00e9rcio Guimar\u00e3es o projeto para a execu\u00e7\u00e3o dos espa\u00e7os exteriores, ilumina\u00e7\u00e3o p\u00fablica e rede de alimenta\u00e7\u00e3o de energia el\u00e9trica em baixa tens\u00e3o no Rossio \u2013 trabalhos que, uma vez conclu\u00eddos, viriam dar a este largo citadino um aspeto renovado, limpo e condigno.<\/p>\n<p>Fonte: \u201cCalend\u00e1rio Hist\u00f3rico de Aveiro\u201d, <\/p>\n<p>de Ant\u00f3nio Christo e Jo\u00e3o Gon\u00e7alves Gaspar.<\/p>\n","protected":false},"excerpt":{"rendered":"<p>1434 \u2014 El-Rei D. Duarte deu poder e licen\u00e7a a seu irm\u00e3o o Infante D. Pedro para ele conceder o privil\u00e9gio \u00abao concelho da vila de Aveiro para a\u00ed fazerem feira cada ano, que come\u00e7ar\u00e1 o primeiro de Maio e durar\u00e1 at\u00e9 dia de S. Miguel, que s\u00e3o oito dias\u00bb; e \u00abos que a ela [&hellip;]<\/p>\n","protected":false},"author":1,"featured_media":0,"comment_status":"open","ping_status":"open","sticky":false,"template":"","format":"standard","meta":{"footnotes":""},"categories":[56],"tags":[],"class_list":["post-21912","post","type-post","status-publish","format-standard","hentry","category-almanaque"],"_links":{"self":[{"href":"https:\/\/sites.ecclesia.pt\/cv\/wp-json\/wp\/v2\/posts\/21912","targetHints":{"allow":["GET"]}}],"collection":[{"href":"https:\/\/sites.ecclesia.pt\/cv\/wp-json\/wp\/v2\/posts"}],"about":[{"href":"https:\/\/sites.ecclesia.pt\/cv\/wp-json\/wp\/v2\/types\/post"}],"author":[{"embeddable":true,"href":"https:\/\/sites.ecclesia.pt\/cv\/wp-json\/wp\/v2\/users\/1"}],"replies":[{"embeddable":true,"href":"https:\/\/sites.ecclesia.pt\/cv\/wp-json\/wp\/v2\/comments?post=21912"}],"version-history":[{"count":0,"href":"https:\/\/sites.ecclesia.pt\/cv\/wp-json\/wp\/v2\/posts\/21912\/revisions"}],"wp:attachment":[{"href":"https:\/\/sites.ecclesia.pt\/cv\/wp-json\/wp\/v2\/media?parent=21912"}],"wp:term":[{"taxonomy":"category","embeddable":true,"href":"https:\/\/sites.ecclesia.pt\/cv\/wp-json\/wp\/v2\/categories?post=21912"},{"taxonomy":"post_tag","embeddable":true,"href":"https:\/\/sites.ecclesia.pt\/cv\/wp-json\/wp\/v2\/tags?post=21912"}],"curies":[{"name":"wp","href":"https:\/\/api.w.org\/{rel}","templated":true}]}}