{"id":21947,"date":"2013-02-28T09:55:00","date_gmt":"2013-02-28T09:55:00","guid":{"rendered":"http:\/\/localhost:81\/wp1\/?p=21947"},"modified":"2013-02-28T09:55:00","modified_gmt":"2013-02-28T09:55:00","slug":"rostos-palavras-100","status":"publish","type":"post","link":"https:\/\/sites.ecclesia.pt\/cv\/rostos-palavras-100\/","title":{"rendered":"Rostos &#038; Palavras"},"content":{"rendered":"<p>\u201cFazer um esfor\u00e7o por dar felicidade \u00e0queles que amamos exige, por vezes sacrif\u00edcio, uma certa dor, mas \u00e9 fonte de muita alegria. Dar o perd\u00e3o a um amigo, obedecer a quem pede ajuda, consolar um colega que est\u00e1 triste, n\u00e3o responder com agressividade\u2026 exige valentia e alguma dor. Mas esta ferida do amor faz florescer a vida, \u00e9 como a vida de Jesus\u201d.<\/p>\n<p>D. Jos\u00e9 Cordeiro, bispo de Bragan\u00e7a-Miranda, numa mensagem dirigida \u00e0s crian\u00e7as da sua diocese.<\/p>\n","protected":false},"excerpt":{"rendered":"<p>\u201cFazer um esfor\u00e7o por dar felicidade \u00e0queles que amamos exige, por vezes sacrif\u00edcio, uma certa dor, mas \u00e9 fonte de muita alegria. Dar o perd\u00e3o a um amigo, obedecer a quem pede ajuda, consolar um colega que est\u00e1 triste, n\u00e3o responder com agressividade\u2026 exige valentia e alguma dor. Mas esta ferida do amor faz florescer [&hellip;]<\/p>\n","protected":false},"author":1,"featured_media":0,"comment_status":"open","ping_status":"open","sticky":false,"template":"","format":"standard","meta":{"footnotes":""},"categories":[53],"tags":[],"class_list":["post-21947","post","type-post","status-publish","format-standard","hentry","category-igreja-em-portugal"],"_links":{"self":[{"href":"https:\/\/sites.ecclesia.pt\/cv\/wp-json\/wp\/v2\/posts\/21947","targetHints":{"allow":["GET"]}}],"collection":[{"href":"https:\/\/sites.ecclesia.pt\/cv\/wp-json\/wp\/v2\/posts"}],"about":[{"href":"https:\/\/sites.ecclesia.pt\/cv\/wp-json\/wp\/v2\/types\/post"}],"author":[{"embeddable":true,"href":"https:\/\/sites.ecclesia.pt\/cv\/wp-json\/wp\/v2\/users\/1"}],"replies":[{"embeddable":true,"href":"https:\/\/sites.ecclesia.pt\/cv\/wp-json\/wp\/v2\/comments?post=21947"}],"version-history":[{"count":0,"href":"https:\/\/sites.ecclesia.pt\/cv\/wp-json\/wp\/v2\/posts\/21947\/revisions"}],"wp:attachment":[{"href":"https:\/\/sites.ecclesia.pt\/cv\/wp-json\/wp\/v2\/media?parent=21947"}],"wp:term":[{"taxonomy":"category","embeddable":true,"href":"https:\/\/sites.ecclesia.pt\/cv\/wp-json\/wp\/v2\/categories?post=21947"},{"taxonomy":"post_tag","embeddable":true,"href":"https:\/\/sites.ecclesia.pt\/cv\/wp-json\/wp\/v2\/tags?post=21947"}],"curies":[{"name":"wp","href":"https:\/\/api.w.org\/{rel}","templated":true}]}}