{"id":21948,"date":"2013-02-28T09:55:00","date_gmt":"2013-02-28T09:55:00","guid":{"rendered":"http:\/\/localhost:81\/wp1\/?p=21948"},"modified":"2013-02-28T09:55:00","modified_gmt":"2013-02-28T09:55:00","slug":"rostos-palavras-101","status":"publish","type":"post","link":"https:\/\/sites.ecclesia.pt\/cv\/rostos-palavras-101\/","title":{"rendered":"Rostos &#038; Palavras"},"content":{"rendered":"<p>\u201cEscutar a Palavra \u00e9 uma gra\u00e7a que prepara o homem para a resposta, ajudando-o a vencer hesita\u00e7\u00f5es e obst\u00e1culos\u201d.<\/p>\n<p>D. Jos\u00e9 Policarpo na segunda catequese Quaresmal, sobre \u201cAcreditar com o Conc\u00edlio\u201d, na S\u00e9 de Lisboa.<\/p>\n","protected":false},"excerpt":{"rendered":"<p>\u201cEscutar a Palavra \u00e9 uma gra\u00e7a que prepara o homem para a resposta, ajudando-o a vencer hesita\u00e7\u00f5es e obst\u00e1culos\u201d. D. Jos\u00e9 Policarpo na segunda catequese Quaresmal, sobre \u201cAcreditar com o Conc\u00edlio\u201d, na S\u00e9 de Lisboa.<\/p>\n","protected":false},"author":1,"featured_media":0,"comment_status":"open","ping_status":"open","sticky":false,"template":"","format":"standard","meta":{"footnotes":""},"categories":[53],"tags":[],"class_list":["post-21948","post","type-post","status-publish","format-standard","hentry","category-igreja-em-portugal"],"_links":{"self":[{"href":"https:\/\/sites.ecclesia.pt\/cv\/wp-json\/wp\/v2\/posts\/21948","targetHints":{"allow":["GET"]}}],"collection":[{"href":"https:\/\/sites.ecclesia.pt\/cv\/wp-json\/wp\/v2\/posts"}],"about":[{"href":"https:\/\/sites.ecclesia.pt\/cv\/wp-json\/wp\/v2\/types\/post"}],"author":[{"embeddable":true,"href":"https:\/\/sites.ecclesia.pt\/cv\/wp-json\/wp\/v2\/users\/1"}],"replies":[{"embeddable":true,"href":"https:\/\/sites.ecclesia.pt\/cv\/wp-json\/wp\/v2\/comments?post=21948"}],"version-history":[{"count":0,"href":"https:\/\/sites.ecclesia.pt\/cv\/wp-json\/wp\/v2\/posts\/21948\/revisions"}],"wp:attachment":[{"href":"https:\/\/sites.ecclesia.pt\/cv\/wp-json\/wp\/v2\/media?parent=21948"}],"wp:term":[{"taxonomy":"category","embeddable":true,"href":"https:\/\/sites.ecclesia.pt\/cv\/wp-json\/wp\/v2\/categories?post=21948"},{"taxonomy":"post_tag","embeddable":true,"href":"https:\/\/sites.ecclesia.pt\/cv\/wp-json\/wp\/v2\/tags?post=21948"}],"curies":[{"name":"wp","href":"https:\/\/api.w.org\/{rel}","templated":true}]}}