{"id":21949,"date":"2013-02-28T09:56:00","date_gmt":"2013-02-28T09:56:00","guid":{"rendered":"http:\/\/localhost:81\/wp1\/?p=21949"},"modified":"2013-02-28T09:56:00","modified_gmt":"2013-02-28T09:56:00","slug":"rostos-palavras-102","status":"publish","type":"post","link":"https:\/\/sites.ecclesia.pt\/cv\/rostos-palavras-102\/","title":{"rendered":"Rostos &#038; Palavras"},"content":{"rendered":"<p>\u201cN\u00e3o foram beatificados por terem visto Nossa Senhora: a Igreja proclamou-os beatos porque, depois das apari\u00e7\u00f5es, transformaram as suas vidas, orientando-as totalmente para Deus\u201d.<\/p>\n<p>Carlos Cabecinhas, reitor do Santu\u00e1rio de F\u00e1tima, referindo-se aos pastorinhos Francisco e Jacinta Marto, cujo dia lit\u00fargico ocorreu a 20 de ferveiro.<\/p>\n","protected":false},"excerpt":{"rendered":"<p>\u201cN\u00e3o foram beatificados por terem visto Nossa Senhora: a Igreja proclamou-os beatos porque, depois das apari\u00e7\u00f5es, transformaram as suas vidas, orientando-as totalmente para Deus\u201d. Carlos Cabecinhas, reitor do Santu\u00e1rio de F\u00e1tima, referindo-se aos pastorinhos Francisco e Jacinta Marto, cujo dia lit\u00fargico ocorreu a 20 de ferveiro.<\/p>\n","protected":false},"author":1,"featured_media":0,"comment_status":"open","ping_status":"open","sticky":false,"template":"","format":"standard","meta":{"footnotes":""},"categories":[53],"tags":[],"class_list":["post-21949","post","type-post","status-publish","format-standard","hentry","category-igreja-em-portugal"],"_links":{"self":[{"href":"https:\/\/sites.ecclesia.pt\/cv\/wp-json\/wp\/v2\/posts\/21949","targetHints":{"allow":["GET"]}}],"collection":[{"href":"https:\/\/sites.ecclesia.pt\/cv\/wp-json\/wp\/v2\/posts"}],"about":[{"href":"https:\/\/sites.ecclesia.pt\/cv\/wp-json\/wp\/v2\/types\/post"}],"author":[{"embeddable":true,"href":"https:\/\/sites.ecclesia.pt\/cv\/wp-json\/wp\/v2\/users\/1"}],"replies":[{"embeddable":true,"href":"https:\/\/sites.ecclesia.pt\/cv\/wp-json\/wp\/v2\/comments?post=21949"}],"version-history":[{"count":0,"href":"https:\/\/sites.ecclesia.pt\/cv\/wp-json\/wp\/v2\/posts\/21949\/revisions"}],"wp:attachment":[{"href":"https:\/\/sites.ecclesia.pt\/cv\/wp-json\/wp\/v2\/media?parent=21949"}],"wp:term":[{"taxonomy":"category","embeddable":true,"href":"https:\/\/sites.ecclesia.pt\/cv\/wp-json\/wp\/v2\/categories?post=21949"},{"taxonomy":"post_tag","embeddable":true,"href":"https:\/\/sites.ecclesia.pt\/cv\/wp-json\/wp\/v2\/tags?post=21949"}],"curies":[{"name":"wp","href":"https:\/\/api.w.org\/{rel}","templated":true}]}}