{"id":21950,"date":"2013-02-28T09:58:00","date_gmt":"2013-02-28T09:58:00","guid":{"rendered":"http:\/\/localhost:81\/wp1\/?p=21950"},"modified":"2013-02-28T09:58:00","modified_gmt":"2013-02-28T09:58:00","slug":"papa-lamenta-morte-de-teologo-belga-de-92-anos","status":"publish","type":"post","link":"https:\/\/sites.ecclesia.pt\/cv\/papa-lamenta-morte-de-teologo-belga-de-92-anos\/","title":{"rendered":"Papa lamenta morte de te\u00f3logo belga de 92 anos"},"content":{"rendered":"<p>Julien Ries (1920-2013) <!--more--> Bento XVI manifestou o seu pesar pelo falecimento do te\u00f3logo belga Julien Ries, padre, de 92 anos, que nomeou cardeal (sem direito a participar no conclave) em fevereiro de 2012.<\/p>\n<p>O Papa recorda um \u201ceminente homem de f\u00e9 que serviu fielmente a Igreja\u201d, elogiando o papel desempenhado pelo seu \u201censino e investiga\u00e7\u00e3o, em especial no \u00e2mbito da hist\u00f3ria das religi\u00f5es\u201d, no qual se destacou \u201cnum esp\u00edrito de di\u00e1logo\u201d.<\/p>\n<p>Julien Ries foi professor na Universidade Cat\u00f3lica de Lovaina (B\u00e9lgica) tendo criado a \u00e1rea da antropologia religiosa fundamental para estudar o sagrado nas diversas culturas, possibilitando o di\u00e1logo entre as religi\u00f5es.<\/p>\n","protected":false},"excerpt":{"rendered":"<p>Julien Ries (1920-2013)<\/p>\n","protected":false},"author":1,"featured_media":0,"comment_status":"open","ping_status":"open","sticky":false,"template":"","format":"standard","meta":{"footnotes":""},"categories":[55],"tags":[],"class_list":["post-21950","post","type-post","status-publish","format-standard","hentry","category-igreja-no-mundo"],"_links":{"self":[{"href":"https:\/\/sites.ecclesia.pt\/cv\/wp-json\/wp\/v2\/posts\/21950","targetHints":{"allow":["GET"]}}],"collection":[{"href":"https:\/\/sites.ecclesia.pt\/cv\/wp-json\/wp\/v2\/posts"}],"about":[{"href":"https:\/\/sites.ecclesia.pt\/cv\/wp-json\/wp\/v2\/types\/post"}],"author":[{"embeddable":true,"href":"https:\/\/sites.ecclesia.pt\/cv\/wp-json\/wp\/v2\/users\/1"}],"replies":[{"embeddable":true,"href":"https:\/\/sites.ecclesia.pt\/cv\/wp-json\/wp\/v2\/comments?post=21950"}],"version-history":[{"count":0,"href":"https:\/\/sites.ecclesia.pt\/cv\/wp-json\/wp\/v2\/posts\/21950\/revisions"}],"wp:attachment":[{"href":"https:\/\/sites.ecclesia.pt\/cv\/wp-json\/wp\/v2\/media?parent=21950"}],"wp:term":[{"taxonomy":"category","embeddable":true,"href":"https:\/\/sites.ecclesia.pt\/cv\/wp-json\/wp\/v2\/categories?post=21950"},{"taxonomy":"post_tag","embeddable":true,"href":"https:\/\/sites.ecclesia.pt\/cv\/wp-json\/wp\/v2\/tags?post=21950"}],"curies":[{"name":"wp","href":"https:\/\/api.w.org\/{rel}","templated":true}]}}