{"id":21969,"date":"2013-03-13T16:07:00","date_gmt":"2013-03-13T16:07:00","guid":{"rendered":"http:\/\/localhost:81\/wp1\/?p=21969"},"modified":"2013-03-13T16:07:00","modified_gmt":"2013-03-13T16:07:00","slug":"escolas-como-veiculos-da-cultura-crista","status":"publish","type":"post","link":"https:\/\/sites.ecclesia.pt\/cv\/escolas-como-veiculos-da-cultura-crista\/","title":{"rendered":"Escolas como ve\u00edculos da &#8220;cultura&#8221; crist\u00e3"},"content":{"rendered":"<p>Forma\u00e7\u00e3o, coopera\u00e7\u00e3o e divulga\u00e7\u00e3o s\u00e3o apostas da nova estrutura diretiva da APEC que re\u00fane cerca de 100 institui\u00e7\u00f5es de ensino ligadas \u00e0 Igreja.<\/p>\n<p>Refor\u00e7ar a educa\u00e7\u00e3o cat\u00f3lica enquanto \u201cproposta cred\u00edvel\u201d para a sociedade e implementar uma \u201ceconomia de comunh\u00e3o\u201d entre os seus membros s\u00e3o dois dos principais objetivos da nova dire\u00e7\u00e3o da Associa\u00e7\u00e3o de Escolas Cat\u00f3licas.<\/p>\n<p>Os corpos sociais do organismo, que vai continuar a ter como principal respons\u00e1vel o padre Querubim Silva, diretor do col\u00e9gio diocesano de Calv\u00e3o e do \u201cCorreio do Vouga\u201d, real\u00e7am a import\u00e2ncia de afirmar a \u201ccultura da Escola Cat\u00f3lica, assente numa antropologia crist\u00e3\u201d, no meio das comunidades em geral e dentro da pr\u00f3pria Igreja.<\/p>\n<p>At\u00e9 2016, os respons\u00e1veis da APEC querem consolidar \u201cuma associa\u00e7\u00e3o que saiba apresentar caminhos de partilha e comunh\u00e3o, potenciadores de escolas de refer\u00eancia humana, pedag\u00f3gica, art\u00edstica e religiosa no panorama educativo portugu\u00eas\u201d.<\/p>\n<p>Em marcha est\u00e1 um plano de forma\u00e7\u00e3o para professores, alunos, pais, membros das estruturas diretivas das escolas cat\u00f3licas e seus funcion\u00e1rios, com o objetivo de formar as pessoas para os valores presentes no cristianismo.<\/p>\n<p>Construir parcerias com associa\u00e7\u00f5es cong\u00e9neres, a n\u00edvel internacional, sobretudo nos \u201cpa\u00edses de l\u00edngua oficial portuguesa\u201d e estreitar rela\u00e7\u00f5es com as \u201cestruturas associativas pol\u00edticas\u201d do ensino privado, nomeadamente na \u201cdefesa da liberdade de ensino\u201d s\u00e3o outras vertentes inclu\u00eddas no programa da associa\u00e7\u00e3o.<\/p>\n<p>A nova dire\u00e7\u00e3o garante que ir\u00e1 \u201cintervir oportunamente\u201d junto do Minist\u00e9rio da Educa\u00e7\u00e3o, sempre que estiverem em causa \u201caspetos espec\u00edficos das escolas cat\u00f3licas\u201d e que n\u00e3o descurar\u00e1 a promo\u00e7\u00e3o da identidade educativa cat\u00f3lica.<\/p>\n<p>Como forma de \u201cfomentar a coopera\u00e7\u00e3o\u201d entre as cerca de 100 escolas cat\u00f3licas associadas, os pr\u00f3ximos tr\u00eas anos v\u00e3o ser aproveitados para implementar um projeto de \u201ceconomia de comunh\u00e3o\u201d que envolver\u00e1, entre outras propostas, \u201ca compra concertada de produtos e servi\u00e7os, como seguros e comunica\u00e7\u00f5es\u201d.<\/p>\n<p>Neste sentido, os novos \u00f3rg\u00e3os sociais querem encorajar a troca de informa\u00e7\u00f5es, a comunica\u00e7\u00e3o em rede, atrav\u00e9s da internet, e \u201cpotenciar recursos humanos, pastorais e pedag\u00f3gicos\u201d.<\/p>\n<p>Ao n\u00edvel das institui\u00e7\u00f5es de apoio, a APEC vai apostar numa liga\u00e7\u00e3o mais estreita com o Secretariado Nacional da Educa\u00e7\u00e3o Crist\u00e3 (SNEC), inserido na Confer\u00eancia Episcopal Portuguesa, e refor\u00e7ar a sua participa\u00e7\u00e3o no Grupo de Reflex\u00e3o da Escola Cat\u00f3lica.<\/p>\n<p>Constitu\u00eddo por representantes da Confer\u00eancia dos Institutos Religiosos de Portugal; da Associa\u00e7\u00e3o Portuguesa de Escolas Cat\u00f3licas e do Departamento da Escola Cat\u00f3lica (DEC), o grupo re\u00fane mensalmente no SNEC para refletir sobre a identidade e a miss\u00e3o das escolas cat\u00f3licas no pa\u00eds.<\/p>\n<p>Os membros da dire\u00e7\u00e3o da APEC v\u00e3o ainda apontar para uma \u201cpresen\u00e7a\u201d mais efetiva \u201cda Escola Cat\u00f3lica nos \u00f3rg\u00e3os de comunica\u00e7\u00e3o social\u201d, sobretudo atrav\u00e9s do aproveitamento dos meios que foram desenvolvidos pela Igreja e da cria\u00e7\u00e3o de uma p\u00e1gina pr\u00f3pria de internet.<\/p>\n<p>A Associa\u00e7\u00e3o Portuguesa de Escolas Cat\u00f3licas \u00e9 uma associa\u00e7\u00e3o de \u00e2mbito nacional, constitu\u00edda por escolas cat\u00f3licas reconhecidas como tais, e tem como principais finalidades defender e promover a conce\u00e7\u00e3o crist\u00e3 da educa\u00e7\u00e3o, no contexto das liberdades de aprender e ensinar, em conjunto com outros organismos que persigam objetivos comuns.<\/p>\n","protected":false},"excerpt":{"rendered":"<p>Forma\u00e7\u00e3o, coopera\u00e7\u00e3o e divulga\u00e7\u00e3o s\u00e3o apostas da nova estrutura diretiva da APEC que re\u00fane cerca de 100 institui\u00e7\u00f5es de ensino ligadas \u00e0 Igreja. Refor\u00e7ar a educa\u00e7\u00e3o cat\u00f3lica enquanto \u201cproposta cred\u00edvel\u201d para a sociedade e implementar uma \u201ceconomia de comunh\u00e3o\u201d entre os seus membros s\u00e3o dois dos principais objetivos da nova dire\u00e7\u00e3o da Associa\u00e7\u00e3o de Escolas [&hellip;]<\/p>\n","protected":false},"author":1,"featured_media":0,"comment_status":"open","ping_status":"open","sticky":false,"template":"","format":"standard","meta":{"footnotes":""},"categories":[53],"tags":[],"class_list":["post-21969","post","type-post","status-publish","format-standard","hentry","category-igreja-em-portugal"],"_links":{"self":[{"href":"https:\/\/sites.ecclesia.pt\/cv\/wp-json\/wp\/v2\/posts\/21969","targetHints":{"allow":["GET"]}}],"collection":[{"href":"https:\/\/sites.ecclesia.pt\/cv\/wp-json\/wp\/v2\/posts"}],"about":[{"href":"https:\/\/sites.ecclesia.pt\/cv\/wp-json\/wp\/v2\/types\/post"}],"author":[{"embeddable":true,"href":"https:\/\/sites.ecclesia.pt\/cv\/wp-json\/wp\/v2\/users\/1"}],"replies":[{"embeddable":true,"href":"https:\/\/sites.ecclesia.pt\/cv\/wp-json\/wp\/v2\/comments?post=21969"}],"version-history":[{"count":0,"href":"https:\/\/sites.ecclesia.pt\/cv\/wp-json\/wp\/v2\/posts\/21969\/revisions"}],"wp:attachment":[{"href":"https:\/\/sites.ecclesia.pt\/cv\/wp-json\/wp\/v2\/media?parent=21969"}],"wp:term":[{"taxonomy":"category","embeddable":true,"href":"https:\/\/sites.ecclesia.pt\/cv\/wp-json\/wp\/v2\/categories?post=21969"},{"taxonomy":"post_tag","embeddable":true,"href":"https:\/\/sites.ecclesia.pt\/cv\/wp-json\/wp\/v2\/tags?post=21969"}],"curies":[{"name":"wp","href":"https:\/\/api.w.org\/{rel}","templated":true}]}}