{"id":21989,"date":"2013-03-13T16:06:00","date_gmt":"2013-03-13T16:06:00","guid":{"rendered":"http:\/\/localhost:81\/wp1\/?p=21989"},"modified":"2013-03-13T16:06:00","modified_gmt":"2013-03-13T16:06:00","slug":"sessao-de-formacao-coral-na-barra","status":"publish","type":"post","link":"https:\/\/sites.ecclesia.pt\/cv\/sessao-de-formacao-coral-na-barra\/","title":{"rendered":"Sess\u00e3o de forma\u00e7\u00e3o coral na Barra"},"content":{"rendered":"<p>EDMUSA <!--more--> Ter\u00e1 lugar no pr\u00f3ximo s\u00e1bado, dia 16 de mar\u00e7o, na Igreja da Sagrada Fam\u00edlia \u2013 Praia da Barra, a s\u00e9tima sess\u00e3o de forma\u00e7\u00e3o coral deste ano letivo, organizada pela EDMUSA (Escola Diocesana de M\u00fasica Sacra) com a colabora\u00e7\u00e3o desta par\u00f3quia, com o hor\u00e1rio habitual: 14h00 &#8211; Aula de Educa\u00e7\u00e3o Musical (s\u00f3 para os coralistas que n\u00e3o frequentam as aulas do CUFC); Aula de Dire\u00e7\u00e3o, para os diretores de coro; 15h00 &#8211; In\u00edcio do trabalho do Coro, para o qual est\u00e3o convidados todos os elementos do coro da par\u00f3quia da Barra; 15h30 &#8211; Ensaios de naipe; 16h30 &#8211; Ensaio de conjunto; 17h30 \u2013 Intervalo\/lanche; 18h00 &#8211; Ensaio geral para a missa; 19h00 &#8211; Missa de encerramento.<\/p>\n<p>Tratando-se da \u00faltima sess\u00e3o de 2.\u00ba per\u00edodo letivo, no fim da missa haver\u00e1 uma pequena audi\u00e7\u00e3o pelos alunos de \u00d3rg\u00e3o.<\/p>\n","protected":false},"excerpt":{"rendered":"<p>EDMUSA<\/p>\n","protected":false},"author":1,"featured_media":0,"comment_status":"open","ping_status":"open","sticky":false,"template":"","format":"standard","meta":{"footnotes":""},"categories":[70],"tags":[],"class_list":["post-21989","post","type-post","status-publish","format-standard","hentry","category-diocese"],"_links":{"self":[{"href":"https:\/\/sites.ecclesia.pt\/cv\/wp-json\/wp\/v2\/posts\/21989","targetHints":{"allow":["GET"]}}],"collection":[{"href":"https:\/\/sites.ecclesia.pt\/cv\/wp-json\/wp\/v2\/posts"}],"about":[{"href":"https:\/\/sites.ecclesia.pt\/cv\/wp-json\/wp\/v2\/types\/post"}],"author":[{"embeddable":true,"href":"https:\/\/sites.ecclesia.pt\/cv\/wp-json\/wp\/v2\/users\/1"}],"replies":[{"embeddable":true,"href":"https:\/\/sites.ecclesia.pt\/cv\/wp-json\/wp\/v2\/comments?post=21989"}],"version-history":[{"count":0,"href":"https:\/\/sites.ecclesia.pt\/cv\/wp-json\/wp\/v2\/posts\/21989\/revisions"}],"wp:attachment":[{"href":"https:\/\/sites.ecclesia.pt\/cv\/wp-json\/wp\/v2\/media?parent=21989"}],"wp:term":[{"taxonomy":"category","embeddable":true,"href":"https:\/\/sites.ecclesia.pt\/cv\/wp-json\/wp\/v2\/categories?post=21989"},{"taxonomy":"post_tag","embeddable":true,"href":"https:\/\/sites.ecclesia.pt\/cv\/wp-json\/wp\/v2\/tags?post=21989"}],"curies":[{"name":"wp","href":"https:\/\/api.w.org\/{rel}","templated":true}]}}