{"id":22022,"date":"2013-03-20T16:42:00","date_gmt":"2013-03-20T16:42:00","guid":{"rendered":"http:\/\/localhost:81\/wp1\/?p=22022"},"modified":"2013-03-20T16:42:00","modified_gmt":"2013-03-20T16:42:00","slug":"familia-convidadas-a-acolher-estudantes-estrangeiros-na-pascoa","status":"publish","type":"post","link":"https:\/\/sites.ecclesia.pt\/cv\/familia-convidadas-a-acolher-estudantes-estrangeiros-na-pascoa\/","title":{"rendered":"Fam\u00edlia convidadas a acolher estudantes estrangeiros na P\u00e1scoa"},"content":{"rendered":"<p>O Centro Universit\u00e1rio F\u00e9 e Cultura (CUFC) volta a promover esta ano a \u201cP\u00e1scoa com\u2026\u201d. Esta iniciativa consiste em acolher um ou dois estudantes estrangeiros que passam esta quadra em Aveiro. As fam\u00edlias que quiserem voluntariar-se para este acolhimento devem contactar o CUFC por um dos seguintes e-mails: info@esnaveiro.org ou padrevsm@gmail.com.<\/p>\n","protected":false},"excerpt":{"rendered":"<p>O Centro Universit\u00e1rio F\u00e9 e Cultura (CUFC) volta a promover esta ano a \u201cP\u00e1scoa com\u2026\u201d. Esta iniciativa consiste em acolher um ou dois estudantes estrangeiros que passam esta quadra em Aveiro. As fam\u00edlias que quiserem voluntariar-se para este acolhimento devem contactar o CUFC por um dos seguintes e-mails: info@esnaveiro.org ou padrevsm@gmail.com.<\/p>\n","protected":false},"author":1,"featured_media":0,"comment_status":"open","ping_status":"open","sticky":false,"template":"","format":"standard","meta":{"footnotes":""},"categories":[51],"tags":[],"class_list":["post-22022","post","type-post","status-publish","format-standard","hentry","category-jovens"],"_links":{"self":[{"href":"https:\/\/sites.ecclesia.pt\/cv\/wp-json\/wp\/v2\/posts\/22022","targetHints":{"allow":["GET"]}}],"collection":[{"href":"https:\/\/sites.ecclesia.pt\/cv\/wp-json\/wp\/v2\/posts"}],"about":[{"href":"https:\/\/sites.ecclesia.pt\/cv\/wp-json\/wp\/v2\/types\/post"}],"author":[{"embeddable":true,"href":"https:\/\/sites.ecclesia.pt\/cv\/wp-json\/wp\/v2\/users\/1"}],"replies":[{"embeddable":true,"href":"https:\/\/sites.ecclesia.pt\/cv\/wp-json\/wp\/v2\/comments?post=22022"}],"version-history":[{"count":0,"href":"https:\/\/sites.ecclesia.pt\/cv\/wp-json\/wp\/v2\/posts\/22022\/revisions"}],"wp:attachment":[{"href":"https:\/\/sites.ecclesia.pt\/cv\/wp-json\/wp\/v2\/media?parent=22022"}],"wp:term":[{"taxonomy":"category","embeddable":true,"href":"https:\/\/sites.ecclesia.pt\/cv\/wp-json\/wp\/v2\/categories?post=22022"},{"taxonomy":"post_tag","embeddable":true,"href":"https:\/\/sites.ecclesia.pt\/cv\/wp-json\/wp\/v2\/tags?post=22022"}],"curies":[{"name":"wp","href":"https:\/\/api.w.org\/{rel}","templated":true}]}}