{"id":22143,"date":"2013-04-10T15:33:00","date_gmt":"2013-04-10T15:33:00","guid":{"rendered":"http:\/\/localhost:81\/wp1\/?p=22143"},"modified":"2013-04-10T15:33:00","modified_gmt":"2013-04-10T15:33:00","slug":"cardeal-patriarca-destaca-importancia-da-igreja-pobre-desejada-por-francisco","status":"publish","type":"post","link":"https:\/\/sites.ecclesia.pt\/cv\/cardeal-patriarca-destaca-importancia-da-igreja-pobre-desejada-por-francisco\/","title":{"rendered":"Cardeal-patriarca destaca import\u00e2ncia da &#8220;Igreja pobre&#8221; desejada por Francisco"},"content":{"rendered":"<p>Jos\u00e9 Policarpo considera que o Papa far\u00e1 as \u201creformas inevit\u00e1veis\u201d na Igreja. Papa Francisco pediu ao cardeal que consagrasse o pontificado a Nossa Senhora de F\u00e1tima.<\/p>\n<p>O cardeal-patriarca de Lisboa disse em F\u00e1tima, na segunda-feira, que o novo Papa tem sido uma \u201caut\u00eantica surpresa\u201d, mesmo para aqueles que o elegeram, e elogiou a aten\u00e7\u00e3o aos pobres, antecipando \u201creformas\u201d na Igreja. \u201c[O Papa] d\u00e1 um lugar privilegiado aos pobres, aos marginalizados, a todos os que sofrem. Foi muito claro ao afirmar que o modelo de Igreja que o atrai \u00e9 uma Igreja pobre, ao servi\u00e7o dos pobres\u201d, disse D. Jos\u00e9 Policarpo, no discurso de abertura da 181.\u00aa assembleia plen\u00e1ria da Confer\u00eancia Episcopal Portuguesa (CEP), que decorre at\u00e9 quinta-feira.<\/p>\n<p>O presidente do organismo m\u00e1ximo do episcopado cat\u00f3lico elegeu \u201calgumas linhas de for\u00e7a\u201d do pontificado de Francisco, iniciado a 13 de mar\u00e7o. \u201cEste Papa \u00e9 um sinal de esperan\u00e7a. N\u00e3o deixar morrer a esperan\u00e7a j\u00e1 \u00e9 sua mensagem expl\u00edcita. Isso significa reformas inevit\u00e1veis na vida da Igreja? Com certeza\u201d, precisou o cardeal-patriarca de Lisboa.<\/p>\n<p>Segundo este respons\u00e1vel, no caso da C\u00faria Romana a reforma \u201ctem de ser feita revalorizando a doutrina do Conc\u00edlio Vaticano II sobre a colegialidade dos Bispos e a justa autonomia das Igrejas particulares\u201d. \u201cEsta reforma n\u00e3o pode ser feita a partir de erros e esc\u00e2ndalos, concentrados num t\u00e3o falado relat\u00f3rio\u201d, acrescentou, numa alus\u00e3o ao documento elaborado por tr\u00eas cardeais, a pedido de Bento XVI, ap\u00f3s as fugas de documentos reservados do Vaticano.<\/p>\n<p>D. Jos\u00e9 Policarpo, um dos 115 cardeais presentes no Conclave para a elei\u00e7\u00e3o do sucessor de Bento XVI, afirmou que o novo Papa veio renovar \u201ca esperan\u00e7a de Jo\u00e3o XXIII (1881-1963) numa primavera da Igreja, que h\u00e1 de florir a partir das sementes do Conc\u00edlio\u201d Vaticano II (1962-1965). Francisco, prosseguiu, teve \u201ca ousadia de traduzir\u201d a sua vis\u00e3o de Igreja nos s\u00edmbolos exteriores: \u201cA simplicidade no vestir, a ren\u00fancia \u00e0s joias preciosas, escolher viver num s\u00edtio [Casa de Santa Marta] onde a conviv\u00eancia, em Igreja, seja dado fundamental\u201d.<\/p>\n<p>\u201cO bispo de Roma, que \u00e9 sucessor de Pedro, \u00e9 um pastor. O seu poder n\u00e3o se compreende \u00e0 luz dos poderes deste mundo. As multid\u00f5es precisam de ser amadas, atra\u00eddas pelo amor do bom pastor\u201d, declarou o patriarca de Lisboa.<\/p>\n<p>Para o presidente da CEP, Francisco quer conduzir o \u201cgrande servi\u00e7o do minist\u00e9rio do Papa \u00e0 sua verdade e \u00e0 sua funcionalidade\u201d e \u201cdar prioridade \u00e0 vitalidade pastoral, n\u00e3o deixando que a burocracia administrativa tome o primeiro lugar\u201d.<\/p>\n<p>\u201cEstejamos abertos \u00e0s exig\u00eancias da surpresa. Tamb\u00e9m nas nossas estruturas diocesanas h\u00e1 muito que mudar, \u00e0 luz dessa prioridade pastoral da Igreja\u201d, real\u00e7ou.<\/p>\n<p>Francisco <\/p>\n<p>pediu consagra\u00e7\u00e3o <\/p>\n<p>a Nossa Senhora de F\u00e1tima<\/p>\n<p>D. Jos\u00e9 Policarpo adiantou ainda que o Papa Francisco lhe pediu por duas vezes que \u201cconsagrasse o seu novo minist\u00e9rio a Nossa Senhora de F\u00e1tima\u201d.<\/p>\n<p>\u201cSeria belo que toda a Confer\u00eancia Episcopal se associasse \u00e0 realiza\u00e7\u00e3o deste pedido. Maria guiar-nos-\u00e1 em todos os nossos trabalhos e tamb\u00e9m na forma de dar cumprimento a este desejo do Papa Francisco\u201d, concluiu.<\/p>\n<p>A assembleia plen\u00e1ria da CEP est\u00e1 a discutir uma carta pastoral intitulada \u2018Dar for\u00e7a \u00e0 fam\u00edlia em tempos de crise\u2019 e uma nota sobre o tema \u2018Promover a renova\u00e7\u00e3o da Pastoral da Igreja em Portugal\u2019.<\/p>\n<p>Ag. Ecclesia<\/p>\n","protected":false},"excerpt":{"rendered":"<p>Jos\u00e9 Policarpo considera que o Papa far\u00e1 as \u201creformas inevit\u00e1veis\u201d na Igreja. Papa Francisco pediu ao cardeal que consagrasse o pontificado a Nossa Senhora de F\u00e1tima. O cardeal-patriarca de Lisboa disse em F\u00e1tima, na segunda-feira, que o novo Papa tem sido uma \u201caut\u00eantica surpresa\u201d, mesmo para aqueles que o elegeram, e elogiou a aten\u00e7\u00e3o aos [&hellip;]<\/p>\n","protected":false},"author":1,"featured_media":0,"comment_status":"open","ping_status":"open","sticky":false,"template":"","format":"standard","meta":{"footnotes":""},"categories":[53],"tags":[],"class_list":["post-22143","post","type-post","status-publish","format-standard","hentry","category-igreja-em-portugal"],"_links":{"self":[{"href":"https:\/\/sites.ecclesia.pt\/cv\/wp-json\/wp\/v2\/posts\/22143","targetHints":{"allow":["GET"]}}],"collection":[{"href":"https:\/\/sites.ecclesia.pt\/cv\/wp-json\/wp\/v2\/posts"}],"about":[{"href":"https:\/\/sites.ecclesia.pt\/cv\/wp-json\/wp\/v2\/types\/post"}],"author":[{"embeddable":true,"href":"https:\/\/sites.ecclesia.pt\/cv\/wp-json\/wp\/v2\/users\/1"}],"replies":[{"embeddable":true,"href":"https:\/\/sites.ecclesia.pt\/cv\/wp-json\/wp\/v2\/comments?post=22143"}],"version-history":[{"count":0,"href":"https:\/\/sites.ecclesia.pt\/cv\/wp-json\/wp\/v2\/posts\/22143\/revisions"}],"wp:attachment":[{"href":"https:\/\/sites.ecclesia.pt\/cv\/wp-json\/wp\/v2\/media?parent=22143"}],"wp:term":[{"taxonomy":"category","embeddable":true,"href":"https:\/\/sites.ecclesia.pt\/cv\/wp-json\/wp\/v2\/categories?post=22143"},{"taxonomy":"post_tag","embeddable":true,"href":"https:\/\/sites.ecclesia.pt\/cv\/wp-json\/wp\/v2\/tags?post=22143"}],"curies":[{"name":"wp","href":"https:\/\/api.w.org\/{rel}","templated":true}]}}