{"id":22161,"date":"2013-04-10T15:28:00","date_gmt":"2013-04-10T15:28:00","guid":{"rendered":"http:\/\/localhost:81\/wp1\/?p=22161"},"modified":"2013-04-10T15:28:00","modified_gmt":"2013-04-10T15:28:00","slug":"concerto-de-quinteto-de-sopros-com-coral-da-catequese-de-albergaria","status":"publish","type":"post","link":"https:\/\/sites.ecclesia.pt\/cv\/concerto-de-quinteto-de-sopros-com-coral-da-catequese-de-albergaria\/","title":{"rendered":"Concerto de quinteto de sopros com coral da catequese de Albergaria"},"content":{"rendered":"<p>O quinteto Sine Nomine, quinteto de sopros da ARMAB (Associa\u00e7\u00e3o Recreativa e Musical Amigos da Branca), d\u00e1 um concerto com a participa\u00e7\u00e3o do  Grupo Coral da Catequese da Par\u00f3quia de Santa Cruz de Albergaria-a-Velha. O concerto realiza-se na Igreja Matriz de Albergaria-a-Velha, no dia 14 de abril, \u00e0s 17h. Entrada gratuita.<\/p>\n","protected":false},"excerpt":{"rendered":"<p>O quinteto Sine Nomine, quinteto de sopros da ARMAB (Associa\u00e7\u00e3o Recreativa e Musical Amigos da Branca), d\u00e1 um concerto com a participa\u00e7\u00e3o do Grupo Coral da Catequese da Par\u00f3quia de Santa Cruz de Albergaria-a-Velha. O concerto realiza-se na Igreja Matriz de Albergaria-a-Velha, no dia 14 de abril, \u00e0s 17h. Entrada gratuita.<\/p>\n","protected":false},"author":1,"featured_media":0,"comment_status":"open","ping_status":"open","sticky":false,"template":"","format":"standard","meta":{"footnotes":""},"categories":[70],"tags":[],"class_list":["post-22161","post","type-post","status-publish","format-standard","hentry","category-diocese"],"_links":{"self":[{"href":"https:\/\/sites.ecclesia.pt\/cv\/wp-json\/wp\/v2\/posts\/22161","targetHints":{"allow":["GET"]}}],"collection":[{"href":"https:\/\/sites.ecclesia.pt\/cv\/wp-json\/wp\/v2\/posts"}],"about":[{"href":"https:\/\/sites.ecclesia.pt\/cv\/wp-json\/wp\/v2\/types\/post"}],"author":[{"embeddable":true,"href":"https:\/\/sites.ecclesia.pt\/cv\/wp-json\/wp\/v2\/users\/1"}],"replies":[{"embeddable":true,"href":"https:\/\/sites.ecclesia.pt\/cv\/wp-json\/wp\/v2\/comments?post=22161"}],"version-history":[{"count":0,"href":"https:\/\/sites.ecclesia.pt\/cv\/wp-json\/wp\/v2\/posts\/22161\/revisions"}],"wp:attachment":[{"href":"https:\/\/sites.ecclesia.pt\/cv\/wp-json\/wp\/v2\/media?parent=22161"}],"wp:term":[{"taxonomy":"category","embeddable":true,"href":"https:\/\/sites.ecclesia.pt\/cv\/wp-json\/wp\/v2\/categories?post=22161"},{"taxonomy":"post_tag","embeddable":true,"href":"https:\/\/sites.ecclesia.pt\/cv\/wp-json\/wp\/v2\/tags?post=22161"}],"curies":[{"name":"wp","href":"https:\/\/api.w.org\/{rel}","templated":true}]}}