{"id":22199,"date":"2013-03-20T16:40:00","date_gmt":"2013-03-20T16:40:00","guid":{"rendered":"http:\/\/localhost:81\/wp1\/?p=22199"},"modified":"2013-03-20T16:40:00","modified_gmt":"2013-03-20T16:40:00","slug":"jovens-atentos-a-exclusao-social-dao-ideias-para-combate-la","status":"publish","type":"post","link":"https:\/\/sites.ecclesia.pt\/cv\/jovens-atentos-a-exclusao-social-dao-ideias-para-combate-la\/","title":{"rendered":"Jovens atentos a exclus\u00e3o social d\u00e3o ideias para combat\u00ea-la"},"content":{"rendered":"<p>Sess\u00e3o da Assembleia Municipal Jovem debateu tem\u00e1tica da solidariedade social em Aveiro. Os mais novos deixaram sugest\u00f5es que os adultos t\u00eam de ouvir.<\/p>\n<p>O que \u00e9 que Aveiro pode fazer pela solidariedade social? Esta pergunta esteve em debate na Assembleia Municipal Jovem, que reuniu na antiga Capitania (Assembleia Municipal de Aveiro), no dia 14 de mar\u00e7o, centenas de jovens dos tr\u00eas ciclos do ensino b\u00e1sico mais os do secund\u00e1rio e do ensino profissional.<\/p>\n<p>Os jovens mostraram-se atentos \u00e0 realidade local e mundial, apontando casos de colegas que passam dificuldades ou n\u00fameros alarmantes como este: em cada minuto, 10 crian\u00e7as morrem de fome. E deixaram muitas ideias. Reparemos em algumas delas:<\/p>\n<p>&#8211; mais apoio \u00e0s Institui\u00e7\u00f5es Particulares de Solidariedade Social (IPSS);<\/p>\n<p>&#8211; implementa\u00e7\u00e3o de projetos de escola extracurriculares que promovam visitas a institui\u00e7\u00f5es que acolhem idosos, como forma de aprenderem com as hist\u00f3rias de vida dos mais velhos retribuindo com a companhia;<\/p>\n<p>&#8211; cria\u00e7\u00e3o de bolsas de voluntariado e de \u201cbancos do tempo\u201d; <\/p>\n<p>&#8211; realiza\u00e7\u00e3o de feiras solid\u00e1rias e projetos \u201clow cost\u201d para a angaria\u00e7\u00e3o de apoios a fam\u00edlias e a alunos carenciados;<\/p>\n<p>&#8211; responsabilidade social do Estado e das autarquias no refor\u00e7o alimentar nas escolas a quem mais precisa;<\/p>\n<p>&#8211; cria\u00e7\u00e3o de uma rede social escolar que, no conjunto de todos os estabelecimentos de ensino, permita um melhor aproveitamento de recursos e uma maior escala para a promo\u00e7\u00e3o de recolha de bens, campanhas solid\u00e1rias e projetos de forma\u00e7\u00e3o.<\/p>\n<p>Os jovens demonstraram ainda uma preocupa\u00e7\u00e3o pela aus\u00eancia de respostas por parte do Estado ou a fraca implementa\u00e7\u00e3o de medidas que entendem serem positivas para o combate \u00e0 pobreza: os excessos alimentares quer na restaura\u00e7\u00e3o, quer nos stocks dos hipermercados ou ainda o financiamento de ensino (propinas) a alunos carenciados, com a devolu\u00e7\u00e3o dessa subsidia\u00e7\u00e3o atrav\u00e9s do sal\u00e1rio quando o jovem inicie a sua atividade profissional. Criticaram ainda a aus\u00eancia de not\u00edcias das institui\u00e7\u00f5es sociais e suas atividades na comunica\u00e7\u00e3o social.<\/p>\n<p>A vereadora municipal da Ac\u00e7ao Social, Teresa Christo, esteve na sess\u00e3o e enalteceu o sentido cr\u00edtico e a maturidade com que os jovens abordaram esta quest\u00e3o. Informou, por outro, ado, que existem na autarquia projetos de solidariedade protagonizados por jovens em parceria com as institui\u00e7\u00f5es que comp\u00f5e a Rede Social do Concelho de Aveiro, como por exemplo o \u201cRiAgir\u201d, o \u201cAveiro+Intercool\u201d ou o projeto \u201cAveiro cidade amiga dos jovens\u201d.<\/p>\n<p>A pr\u00f3xima sess\u00e3o da Assembleia Municipal Jovem ter\u00e1 lugar dia 6 de junho com a tem\u00e1tica \u201cAveiro Jovem, atividades e tempos livres\u201d.<\/p>\n","protected":false},"excerpt":{"rendered":"<p>Sess\u00e3o da Assembleia Municipal Jovem debateu tem\u00e1tica da solidariedade social em Aveiro. Os mais novos deixaram sugest\u00f5es que os adultos t\u00eam de ouvir. O que \u00e9 que Aveiro pode fazer pela solidariedade social? Esta pergunta esteve em debate na Assembleia Municipal Jovem, que reuniu na antiga Capitania (Assembleia Municipal de Aveiro), no dia 14 de [&hellip;]<\/p>\n","protected":false},"author":1,"featured_media":0,"comment_status":"open","ping_status":"open","sticky":false,"template":"","format":"standard","meta":{"footnotes":""},"categories":[51],"tags":[],"class_list":["post-22199","post","type-post","status-publish","format-standard","hentry","category-jovens"],"_links":{"self":[{"href":"https:\/\/sites.ecclesia.pt\/cv\/wp-json\/wp\/v2\/posts\/22199","targetHints":{"allow":["GET"]}}],"collection":[{"href":"https:\/\/sites.ecclesia.pt\/cv\/wp-json\/wp\/v2\/posts"}],"about":[{"href":"https:\/\/sites.ecclesia.pt\/cv\/wp-json\/wp\/v2\/types\/post"}],"author":[{"embeddable":true,"href":"https:\/\/sites.ecclesia.pt\/cv\/wp-json\/wp\/v2\/users\/1"}],"replies":[{"embeddable":true,"href":"https:\/\/sites.ecclesia.pt\/cv\/wp-json\/wp\/v2\/comments?post=22199"}],"version-history":[{"count":0,"href":"https:\/\/sites.ecclesia.pt\/cv\/wp-json\/wp\/v2\/posts\/22199\/revisions"}],"wp:attachment":[{"href":"https:\/\/sites.ecclesia.pt\/cv\/wp-json\/wp\/v2\/media?parent=22199"}],"wp:term":[{"taxonomy":"category","embeddable":true,"href":"https:\/\/sites.ecclesia.pt\/cv\/wp-json\/wp\/v2\/categories?post=22199"},{"taxonomy":"post_tag","embeddable":true,"href":"https:\/\/sites.ecclesia.pt\/cv\/wp-json\/wp\/v2\/tags?post=22199"}],"curies":[{"name":"wp","href":"https:\/\/api.w.org\/{rel}","templated":true}]}}