{"id":22200,"date":"2013-03-20T16:42:00","date_gmt":"2013-03-20T16:42:00","guid":{"rendered":"http:\/\/localhost:81\/wp1\/?p=22200"},"modified":"2013-03-20T16:42:00","modified_gmt":"2013-03-20T16:42:00","slug":"concurso-de-bandas-de-garagem-de-ilhavo","status":"publish","type":"post","link":"https:\/\/sites.ecclesia.pt\/cv\/concurso-de-bandas-de-garagem-de-ilhavo\/","title":{"rendered":"Concurso de Bandas de Garagem de \u00cdlhavo"},"content":{"rendered":"<p>Est\u00e3o abertas at\u00e9 6 de abril as inscri\u00e7\u00f5es para a edi\u00e7\u00e3o deste ano do Concurso de Bandas de Garagem do Munic\u00edpio de \u00cdlhavo, promovido pela C\u00e2mara Municipal de \u00cdlhavo, que ter\u00e1 lugar no dia 25 de maio no Centro Cultural da Gafanha da Nazar\u00e9.<\/p>\n<p>O concurso destina-se a bandas de garagem, de todo o pa\u00eds, cujos elementos tenham idade superior a 16 anos e n\u00e3o tenham sido alvo de qualquer contrato discogr\u00e1fico, nem tenham trabalhos gravados por editoras.<\/p>\n<p>As inscri\u00e7\u00f5es s\u00e3o realizadas nos F\u00f3runs Municipais da Juventude do concelho de \u00cdlhavo ou por correio dirigido \u00e0 C\u00e2mara Municipal de \u00cdlhavo, devendo ser entregue, no ato de inscri\u00e7\u00e3o, uma maqueta das m\u00fasicas a concurso, com tr\u00eas temas originais, que n\u00e3o dever\u00e3o exceder os 15 minutos.<\/p>\n<p>O concurso ter\u00e1 no m\u00e1ximo seis bandas a participar, pelo que ser\u00e1 efetuada uma pr\u00e9-sele\u00e7\u00e3o. O primeiro pr\u00e9mio \u00e9 350 euros e uma atua\u00e7\u00e3o na Semana Jovem 2013. O segundo e o terceiro pr\u00e9mios s\u00e3o, respetivamente, 200 euros e 150 euros. A melhor banda do munic\u00edpio receber\u00e1 250 euros e uma atua\u00e7\u00e3o na Semana Jovem 2013.<\/p>\n","protected":false},"excerpt":{"rendered":"<p>Est\u00e3o abertas at\u00e9 6 de abril as inscri\u00e7\u00f5es para a edi\u00e7\u00e3o deste ano do Concurso de Bandas de Garagem do Munic\u00edpio de \u00cdlhavo, promovido pela C\u00e2mara Municipal de \u00cdlhavo, que ter\u00e1 lugar no dia 25 de maio no Centro Cultural da Gafanha da Nazar\u00e9. O concurso destina-se a bandas de garagem, de todo o pa\u00eds, [&hellip;]<\/p>\n","protected":false},"author":1,"featured_media":0,"comment_status":"open","ping_status":"open","sticky":false,"template":"","format":"standard","meta":{"footnotes":""},"categories":[51],"tags":[],"class_list":["post-22200","post","type-post","status-publish","format-standard","hentry","category-jovens"],"_links":{"self":[{"href":"https:\/\/sites.ecclesia.pt\/cv\/wp-json\/wp\/v2\/posts\/22200","targetHints":{"allow":["GET"]}}],"collection":[{"href":"https:\/\/sites.ecclesia.pt\/cv\/wp-json\/wp\/v2\/posts"}],"about":[{"href":"https:\/\/sites.ecclesia.pt\/cv\/wp-json\/wp\/v2\/types\/post"}],"author":[{"embeddable":true,"href":"https:\/\/sites.ecclesia.pt\/cv\/wp-json\/wp\/v2\/users\/1"}],"replies":[{"embeddable":true,"href":"https:\/\/sites.ecclesia.pt\/cv\/wp-json\/wp\/v2\/comments?post=22200"}],"version-history":[{"count":0,"href":"https:\/\/sites.ecclesia.pt\/cv\/wp-json\/wp\/v2\/posts\/22200\/revisions"}],"wp:attachment":[{"href":"https:\/\/sites.ecclesia.pt\/cv\/wp-json\/wp\/v2\/media?parent=22200"}],"wp:term":[{"taxonomy":"category","embeddable":true,"href":"https:\/\/sites.ecclesia.pt\/cv\/wp-json\/wp\/v2\/categories?post=22200"},{"taxonomy":"post_tag","embeddable":true,"href":"https:\/\/sites.ecclesia.pt\/cv\/wp-json\/wp\/v2\/tags?post=22200"}],"curies":[{"name":"wp","href":"https:\/\/api.w.org\/{rel}","templated":true}]}}