{"id":22260,"date":"2013-04-10T15:29:00","date_gmt":"2013-04-10T15:29:00","guid":{"rendered":"http:\/\/localhost:81\/wp1\/?p=22260"},"modified":"2013-04-10T15:29:00","modified_gmt":"2013-04-10T15:29:00","slug":"dedicacao-do-altar-da-igreja-da-gafanha-da-encarnacao-no-proximo-domingo","status":"publish","type":"post","link":"https:\/\/sites.ecclesia.pt\/cv\/dedicacao-do-altar-da-igreja-da-gafanha-da-encarnacao-no-proximo-domingo\/","title":{"rendered":"Dedica\u00e7\u00e3o do altar da igreja da Gafanha da Encarna\u00e7\u00e3o no pr\u00f3ximo domingo"},"content":{"rendered":"<p>Mais confort\u00e1vel, com melhores acessos e um espa\u00e7o envolvente que d\u00e1 para conviver. \u00c9 assim a renovada igreja da Gafanha Encarna\u00e7\u00e3o. Vai ser inaugurada no domingo.<\/p>\n<p>Domingo, pelas 16 horas, ter\u00e1 in\u00edcio a celebra\u00e7\u00e3o da dedica\u00e7\u00e3o do altar da renovada Igreja Matriz da Gafanha da Encarna\u00e7\u00e3o, presidida pelo Bispo da Diocese de Aveiro, D. Ant\u00f3nio Francisco, seguindo-se um conv\u00edvio no largo fronteiro.<\/p>\n<p>O rebaixamento do piso, com o consequente desaparecimento da cave, foi o motivo principal para a requalifica\u00e7\u00e3o do templo, como explica o P.e Francisco Melo. \u201cComo o piso da igreja estava num plano superior, o que dificultava a acessibilidade das pessoas mais idosas, a nossa primeira op\u00e7\u00e3o foi rebaixar o piso. Ali\u00e1s, no primeiro projeto desta igreja, ainda no tempo do senhor P.e Manuel Ribau L\u00e9, n\u00e3o estava prevista a exist\u00eancia de cave, ficando o ch\u00e3o ao n\u00edvel do piso exterior. O projeto foi alterado posteriormente, quando ele decidiu aproveitar a cave para a\u00ed instalar diversas salas\u201d, explica o p\u00e1roco da Gafanha da Encarna\u00e7\u00e3o.<\/p>\n<p>P.e Francisco Melo adianta que a segunda op\u00e7\u00e3o visou a cria\u00e7\u00e3o de um adro \u00e0 volta da igreja, onde as pessoas possam estar e conviver. \u201cPenso que \u00e9 importante termos um espa\u00e7o no exterior da igreja onde, depois da Eucaristia, possamos conversar e estabelecer rela\u00e7\u00f5es com os outros\u201d, afirma. A terceira op\u00e7\u00e3o passa pelo conforto. \u201cTentamos tornar a igreja um pouco mais confort\u00e1vel do que o que era, havendo tamb\u00e9m um esfor\u00e7o por a tornar mais agrad\u00e1vel ao olhar. A ideia \u00e9 que esta casa, que \u00e9 a de Deus, e que \u00e9 tamb\u00e9m a nossa casa, seja um espa\u00e7o confort\u00e1vel onde n\u00f3s nos sentimos bem\u201d, explica.<\/p>\n<p>Ao n\u00edvel das imagens, o destaque vai para um novo \u201cCristo Ressuscitado\u201d que ir\u00e1 ficar no centro da igreja. Das imagens que a par\u00f3quia tinha, o p\u00e1roco sublinha que \u201cnem todas poder\u00e3o ficar ao culto devido \u00e0 sua antiguidade e a alguma degrada\u00e7\u00e3o, pelo que foi criado um espa\u00e7o de museu, muito simples e pequeno, onde v\u00e3o ficar algumas dessas imagens, como uma imagem de S. Tom\u00e9, executada pelo artista Pedro Serrano, ou uma Nossa Senhora da Piedade, tamb\u00e9m muito bonita\u201d. As imagens que continuar\u00e3o expostas ao culto passam a estar colocadas mais ao centro da assembleia. A Nossa Senhora da Encarna\u00e7\u00e3o vai para o lado do altar-mor.  <\/p>\n<p>No espa\u00e7o exterior, a principal nota vai para a demoli\u00e7\u00e3o da antiga resid\u00eancia par\u00f3quia, aproveitando o espa\u00e7o agora livre para criar uma zona de conv\u00edvio. P.e Francisco Melo elogia a configura\u00e7\u00e3o externa e interna da igreja, dizendo que \u201co Padre L\u00e9 inspirou-se certamente noutras igrejas, mas a ideia que ele concebeu para esta igreja foi a de uma concha, concha como sinal de Deus que nos envolve e que nos abra\u00e7a. N\u00f3s tentamos dar essa configura\u00e7\u00e3o de concha tamb\u00e9m no interior, que ficou muito bonito. Acho que o arquiteto foi muito feliz nisso\u201d. <\/p>\n<p>Neste momento, como a empresa construtora \u201cest\u00e1 a fazer os autos das medi\u00e7\u00f5es\u201d, P.e Francisco Melo n\u00e3o divulga os valores exatos investidos na obra para os revelar s\u00f3 no domingo, dizendo unicamente que \u201cforam largu\u00edssimas centenas de milhares de euros\u201d. \u201cOs bancos e o sistema de som foram muito caros. Apesar de termos revistos os materiais, com recurso a muito pladour e muita madeira, o que ajuda a conseguir uma boa sonoridade interior, a configura\u00e7\u00e3o interna da igreja n\u00e3o facilita muito a sonoridade\u201d, frisa.<\/p>\n<p>Templo com <\/p>\n<p>mais seguran\u00e7a <\/p>\n<p>em caso de emerg\u00eancia<\/p>\n<p>Antes das obras de requalifica\u00e7\u00e3o, o acesso \u00e0 igreja era por uma rampa, em curva, o que dificultava a r\u00e1pida sa\u00edda das pessoas, em caso de emerg\u00eancia. Para al\u00e9m dessa sa\u00edda, havia uma liga\u00e7\u00e3o interna, atrav\u00e9s da sacristia, que conduzia as pessoas por uma passagem \u201clabir\u00edntica\u201d pela cave at\u00e9 \u00e0 sa\u00edda desse piso inferior.<\/p>\n<p>Agora, o p\u00e1roco real\u00e7a que h\u00e1 duas portas, a principal, que \u201c\u00e9 larga e de grandes dimens\u00f5es\u201d, e a porta da sacristia, \u201cque agora est\u00e1 ao n\u00edvel t\u00e9rreo, e que \u00e9 uma sa\u00edda direta para o exterior\u201d. Para al\u00e9m disso, explica que tamb\u00e9m passou a existir um sistema de seguran\u00e7a contra inc\u00eandios e contra intrus\u00e3o. \u201cA igreja est\u00e1 dotada com videovigil\u00e2ncia e com mangueiras de emerg\u00eancia\u201d, informa. <\/p>\n<p>Bolo \u00e9 uma pe\u00e7a art\u00edstica  <\/p>\n<p>P.e Francisco Melo real\u00e7a que o conv\u00edvio no dia da inaugura\u00e7\u00e3o ser\u00e1 um ato \u201cmuito simples\u201d: \u201cVamos partilhar um bolo, que \u00e9 oferecido, e um brinde com champanhe ou vinho do Porto\u201d.<\/p>\n<p>Refira-se que o bolo, com v\u00e1rios metros e dezenas de quilos, \u00e9 um conjunto de bolos tem\u00e1ticos, cada um com um desenho alusivo a um tema espec\u00edfico (desde o \u201cescudo\u201d da Par\u00f3quia da Gafanha da Encarna\u00e7\u00e3o a refer\u00eancias b\u00edblicas). Esta obra de arte comest\u00edvel \u00e9 oferecida pela Pastelaria Manaure, da Gafanha da Encarna\u00e7\u00e3o.<\/p>\n<p>Cardoso Ferreira<\/p>\n","protected":false},"excerpt":{"rendered":"<p>Mais confort\u00e1vel, com melhores acessos e um espa\u00e7o envolvente que d\u00e1 para conviver. \u00c9 assim a renovada igreja da Gafanha Encarna\u00e7\u00e3o. Vai ser inaugurada no domingo. Domingo, pelas 16 horas, ter\u00e1 in\u00edcio a celebra\u00e7\u00e3o da dedica\u00e7\u00e3o do altar da renovada Igreja Matriz da Gafanha da Encarna\u00e7\u00e3o, presidida pelo Bispo da Diocese de Aveiro, D. Ant\u00f3nio [&hellip;]<\/p>\n","protected":false},"author":1,"featured_media":0,"comment_status":"open","ping_status":"open","sticky":false,"template":"","format":"standard","meta":{"footnotes":""},"categories":[70],"tags":[],"class_list":["post-22260","post","type-post","status-publish","format-standard","hentry","category-diocese"],"_links":{"self":[{"href":"https:\/\/sites.ecclesia.pt\/cv\/wp-json\/wp\/v2\/posts\/22260","targetHints":{"allow":["GET"]}}],"collection":[{"href":"https:\/\/sites.ecclesia.pt\/cv\/wp-json\/wp\/v2\/posts"}],"about":[{"href":"https:\/\/sites.ecclesia.pt\/cv\/wp-json\/wp\/v2\/types\/post"}],"author":[{"embeddable":true,"href":"https:\/\/sites.ecclesia.pt\/cv\/wp-json\/wp\/v2\/users\/1"}],"replies":[{"embeddable":true,"href":"https:\/\/sites.ecclesia.pt\/cv\/wp-json\/wp\/v2\/comments?post=22260"}],"version-history":[{"count":0,"href":"https:\/\/sites.ecclesia.pt\/cv\/wp-json\/wp\/v2\/posts\/22260\/revisions"}],"wp:attachment":[{"href":"https:\/\/sites.ecclesia.pt\/cv\/wp-json\/wp\/v2\/media?parent=22260"}],"wp:term":[{"taxonomy":"category","embeddable":true,"href":"https:\/\/sites.ecclesia.pt\/cv\/wp-json\/wp\/v2\/categories?post=22260"},{"taxonomy":"post_tag","embeddable":true,"href":"https:\/\/sites.ecclesia.pt\/cv\/wp-json\/wp\/v2\/tags?post=22260"}],"curies":[{"name":"wp","href":"https:\/\/api.w.org\/{rel}","templated":true}]}}