{"id":22469,"date":"2011-03-23T10:37:00","date_gmt":"2011-03-23T10:37:00","guid":{"rendered":"http:\/\/localhost:81\/wp1\/?p=22469"},"modified":"2011-03-23T10:37:00","modified_gmt":"2011-03-23T10:37:00","slug":"na-imprensa-161","status":"publish","type":"post","link":"https:\/\/sites.ecclesia.pt\/cv\/na-imprensa-161\/","title":{"rendered":"Na Imprensa"},"content":{"rendered":"<p>N\u00f3s, por c\u00e1, nada temos para oferecer, porque h\u00e1 sempre a desculpa da falta de recursos, quando que temos \u00e9 falta de vontade.<\/p>\n<p>Lu\u00eds Campos e Cunha<\/p>\n<p>P\u00fablico, 18-03-2011<\/p>\n<p>H\u00e1 muito que, fi\u00e9is seguidores do \u201cchefe\u201d, os seus ajudantes perderam qualquer no\u00e7\u00e3o de \u00e9tica. E o pior \u00e9 que esta degrada\u00e7\u00e3o dos costumes pol\u00edticos parece contaminar o pa\u00eds, onde j\u00e1 ningu\u00e9m se indigna ou sobressalta. (\u2026) A pol\u00edtica portuguesa necessita de abrir as janelas e permitir a renova\u00e7\u00e3o do ar contaminado.<\/p>\n<p>Jos\u00e9 Manuel Fernandes<\/p>\n<p>P\u00fablico, 18-03-2011<\/p>\n<p>Portugal \u00e9 um caso cl\u00e1ssico para ajuda do FMI.<\/p>\n<p>Daniel Gros<\/p>\n<p>Di\u00e1rio Econ\u00f3mico, 17-03-2011<\/p>\n<p>Em Portugal, o golfe \u00e9 um desporto cada vez mais barato, e ser pobre um desporto cada vez mais caro.<\/p>\n<p>Ricardo Ara\u00fajo Pereira<\/p>\n<p>Vis\u00e3o, 17-03-2011<\/p>\n<p>A turma dos apocal\u00edpticos \u00e9, como bem se sabe, a pior praga que se pode abater sobre um problema que se quer discutir com seriedade: durante um tempo vivem um determinado assunto em frenesi e depois \u00e9 como se se desligassem completamente dele.<\/p>\n<p>Helena Matos<\/p>\n<p>P\u00fablico, 17-03-2011<\/p>\n<p>Hoje o problema dos protestos \u00e9 n\u00e3o saberem o que querem que se fa\u00e7a. Sabem o que pretendem, o mesmo que todos queremos. Mas, como todos, n\u00e3o sabem bem como l\u00e1 chegar. (\u2026) Muita da irrita\u00e7\u00e3o destas gera\u00e7\u00f5es \u00e9 compreens\u00edvel. T\u00eam raz\u00e3o no protesto. Mas \u00e9 bom lembrar que s\u00f3 h\u00e1 desilus\u00e3o se antes houver ilus\u00e3o. Foi o mito da vida f\u00e1cil com d\u00edvida europeia que nos meteu a todos nesta crise. Nisso somos todos, mais ou menos, respons\u00e1veis. Um s\u00f3 grupo se pode dizer inocente.<\/p>\n<p>Existe ainda uma gera\u00e7\u00e3o entre n\u00f3s: aquela que ter\u00e1 cerca de 20 anos em 2030. Esses n\u00e3o t\u00eam culpa nenhuma. Seria bom que, em vez de protestar contra o estado da nossa gera\u00e7\u00e3o, todos nos esfor\u00e7\u00e1ssemos por melhorar a deles, enfrentando este desafio como enfrent\u00e1mos os anteriores.<\/p>\n<p>Jo\u00e3o C\u00e9sar de Neves<\/p>\n<p>Di\u00e1rio de Not\u00edcias, 14-03-2011<\/p>\n","protected":false},"excerpt":{"rendered":"<p>N\u00f3s, por c\u00e1, nada temos para oferecer, porque h\u00e1 sempre a desculpa da falta de recursos, quando que temos \u00e9 falta de vontade. Lu\u00eds Campos e Cunha P\u00fablico, 18-03-2011 H\u00e1 muito que, fi\u00e9is seguidores do \u201cchefe\u201d, os seus ajudantes perderam qualquer no\u00e7\u00e3o de \u00e9tica. E o pior \u00e9 que esta degrada\u00e7\u00e3o dos costumes pol\u00edticos parece [&hellip;]<\/p>\n","protected":false},"author":1,"featured_media":0,"comment_status":"open","ping_status":"open","sticky":false,"template":"","format":"standard","meta":{"footnotes":""},"categories":[62],"tags":[],"class_list":["post-22469","post","type-post","status-publish","format-standard","hentry","category-opiniao"],"_links":{"self":[{"href":"https:\/\/sites.ecclesia.pt\/cv\/wp-json\/wp\/v2\/posts\/22469","targetHints":{"allow":["GET"]}}],"collection":[{"href":"https:\/\/sites.ecclesia.pt\/cv\/wp-json\/wp\/v2\/posts"}],"about":[{"href":"https:\/\/sites.ecclesia.pt\/cv\/wp-json\/wp\/v2\/types\/post"}],"author":[{"embeddable":true,"href":"https:\/\/sites.ecclesia.pt\/cv\/wp-json\/wp\/v2\/users\/1"}],"replies":[{"embeddable":true,"href":"https:\/\/sites.ecclesia.pt\/cv\/wp-json\/wp\/v2\/comments?post=22469"}],"version-history":[{"count":0,"href":"https:\/\/sites.ecclesia.pt\/cv\/wp-json\/wp\/v2\/posts\/22469\/revisions"}],"wp:attachment":[{"href":"https:\/\/sites.ecclesia.pt\/cv\/wp-json\/wp\/v2\/media?parent=22469"}],"wp:term":[{"taxonomy":"category","embeddable":true,"href":"https:\/\/sites.ecclesia.pt\/cv\/wp-json\/wp\/v2\/categories?post=22469"},{"taxonomy":"post_tag","embeddable":true,"href":"https:\/\/sites.ecclesia.pt\/cv\/wp-json\/wp\/v2\/tags?post=22469"}],"curies":[{"name":"wp","href":"https:\/\/api.w.org\/{rel}","templated":true}]}}