{"id":22504,"date":"2011-03-30T11:14:00","date_gmt":"2011-03-30T11:14:00","guid":{"rendered":"http:\/\/localhost:81\/wp1\/?p=22504"},"modified":"2011-03-30T11:14:00","modified_gmt":"2011-03-30T11:14:00","slug":"agueda-e-dorfeu-assinaram-protocolo-plurianual","status":"publish","type":"post","link":"https:\/\/sites.ecclesia.pt\/cv\/agueda-e-dorfeu-assinaram-protocolo-plurianual\/","title":{"rendered":"\u00c1gueda e d&#8217;Orfeu assinaram protocolo plurianual"},"content":{"rendered":"<p>A C\u00e2mara Municipal de \u00c1gueda (CMA) e a d\u2019Orfeu assinaram um protocolo plurianual de coopera\u00e7\u00e3o mediante o qual a autarquia aguedense apoia aquela associa\u00e7\u00e3o cultural com um subs\u00eddio de 240.000 euros, em quatro anos (de 2011 a 2014).<\/p>\n<p>Com este protocolo, a d\u2019Orfeu compromete-se a realizar, anualmente, em \u00c1gueda, o festival \u201cO Gesto Orelhudo\u201d e o \u201cFestival i &#8211; Artes para p\u00fablico infantil e familiar\u201d, ficando ainda obrigada a organizar, em co-produ\u00e7\u00e3o com a autarquia, duas edi\u00e7\u00f5es do \u201cSemin\u00e1rio para o Associativismo\u201d e a programar quatro concertos do \u201cFestim\u201d e dois concertos do \u201cOuTonalidades\u201d. Para al\u00e9m disso, a associa\u00e7\u00e3o garantir\u00e1 apoio t\u00e9cnico a algumas iniciativas no munic\u00edpio e ainda garantir\u00e1 descontos de 50% na sua oferta formativa a outras associa\u00e7\u00f5es concelhias. <\/p>\n","protected":false},"excerpt":{"rendered":"<p>A C\u00e2mara Municipal de \u00c1gueda (CMA) e a d\u2019Orfeu assinaram um protocolo plurianual de coopera\u00e7\u00e3o mediante o qual a autarquia aguedense apoia aquela associa\u00e7\u00e3o cultural com um subs\u00eddio de 240.000 euros, em quatro anos (de 2011 a 2014). Com este protocolo, a d\u2019Orfeu compromete-se a realizar, anualmente, em \u00c1gueda, o festival \u201cO Gesto Orelhudo\u201d e [&hellip;]<\/p>\n","protected":false},"author":1,"featured_media":0,"comment_status":"open","ping_status":"open","sticky":false,"template":"","format":"standard","meta":{"footnotes":""},"categories":[45],"tags":[],"class_list":["post-22504","post","type-post","status-publish","format-standard","hentry","category-regioes"],"_links":{"self":[{"href":"https:\/\/sites.ecclesia.pt\/cv\/wp-json\/wp\/v2\/posts\/22504","targetHints":{"allow":["GET"]}}],"collection":[{"href":"https:\/\/sites.ecclesia.pt\/cv\/wp-json\/wp\/v2\/posts"}],"about":[{"href":"https:\/\/sites.ecclesia.pt\/cv\/wp-json\/wp\/v2\/types\/post"}],"author":[{"embeddable":true,"href":"https:\/\/sites.ecclesia.pt\/cv\/wp-json\/wp\/v2\/users\/1"}],"replies":[{"embeddable":true,"href":"https:\/\/sites.ecclesia.pt\/cv\/wp-json\/wp\/v2\/comments?post=22504"}],"version-history":[{"count":0,"href":"https:\/\/sites.ecclesia.pt\/cv\/wp-json\/wp\/v2\/posts\/22504\/revisions"}],"wp:attachment":[{"href":"https:\/\/sites.ecclesia.pt\/cv\/wp-json\/wp\/v2\/media?parent=22504"}],"wp:term":[{"taxonomy":"category","embeddable":true,"href":"https:\/\/sites.ecclesia.pt\/cv\/wp-json\/wp\/v2\/categories?post=22504"},{"taxonomy":"post_tag","embeddable":true,"href":"https:\/\/sites.ecclesia.pt\/cv\/wp-json\/wp\/v2\/tags?post=22504"}],"curies":[{"name":"wp","href":"https:\/\/api.w.org\/{rel}","templated":true}]}}