{"id":22652,"date":"2011-04-13T09:48:00","date_gmt":"2011-04-13T09:48:00","guid":{"rendered":"http:\/\/localhost:81\/wp1\/?p=22652"},"modified":"2011-04-13T09:48:00","modified_gmt":"2011-04-13T09:48:00","slug":"artistas-de-agora-interpretam-s-ta-joana","status":"publish","type":"post","link":"https:\/\/sites.ecclesia.pt\/cv\/artistas-de-agora-interpretam-s-ta-joana\/","title":{"rendered":"Artistas de agora interpretam S.ta Joana"},"content":{"rendered":"<p>De 16 de Abril a 12 de Maio, o Museu de Aveiro acolhe uma s\u00e9rie de 14 pinturas de artistas contempor\u00e2neos sobre Santa Joana.<\/p>\n<p>Catorze artistas contempor\u00e2neos interpretam a Santa de Aveiro, numa exposi\u00e7\u00e3o que vai ser inaugurada no pr\u00f3ximo s\u00e1bado, pelas 16 horas, no Museu de Aveiro.<\/p>\n<p>\u201cSanta Joana \u00abhac hora\u00bb\u201d, isto \u00e9, Santa Joana nesta hora, ou agora, surgiu a partir de uma ideia de Paulo Catarino, conforme explica no cat\u00e1logo da exposi\u00e7\u00e3o: \u201cMuitas vezes acompanhei meu sogro, Alberto Souto [1888-1961] ao Museu de Aveiro, de que era director [entre 1925 e 1958]. No caminho para o seu gabinete, parava sempre em frente ao t\u00famulo de Santa Joana, guardando, de p\u00e9, reverentemente, uns minutos de profundo recolhimento. Esta sua atitude marcou-me de forma indel\u00e9vel. Um dia, adquiri uma serigrafia do artista Jorge Trindade com uma interpreta\u00e7\u00e3o pl\u00e1stica de Santa Joana, que me inspirou a ideia de pedir, a um conjunto diversificado de artistas pl\u00e1sticos, que lessem \u00abhac hora\u00bb a nossa querida Santa Joana. \u00c9 esta a raz\u00e3o desta mostra; \u00e9 esta a raz\u00e3o deste ex-voto\u201d.<\/p>\n<p>Ana Margarida Ferreira, directora do Museu de Aveiro, afirma numa nota do cat\u00e1logo que, gozando o museu aveirense de uma \u201csingular particularidade\u201d, de ser uma unidade museol\u00f3gica e ao mesmo tempo um local de culto que \u201cacolhe m\u00faltiplas formas da devo\u00e7\u00e3o \u00e0 Princesa Santa Joana\u201d, criam-se \u201csitua\u00e7\u00f5es de grande ambiguidade e riqueza antropol\u00f3gica\u201d. E tamb\u00e9m de grande riqueza art\u00edstica \u2013 h\u00e1 que acrescentar.<\/p>\n<p>Al\u00e9m do quadro de Jorge Trindade, constituem esta exposi\u00e7\u00e3o que pode ser vista at\u00e9 12 de Maio, dia de Santa Joana, feriado municipal em Aveiro, obras de Valen\u00e7a Cabral, Quintas, M\u00e1rio Morais, L\u00facia Seabra, Alzira Martinho, Jorge Barroca, Artur Fino, Bela Boinas, Jeremias Bandarra, Gaspar Albino, Gicas da Silva, H\u00e9lder Bandarra e Fernanda Santos.<\/p>\n<p>J.P.F.<\/p>\n","protected":false},"excerpt":{"rendered":"<p>De 16 de Abril a 12 de Maio, o Museu de Aveiro acolhe uma s\u00e9rie de 14 pinturas de artistas contempor\u00e2neos sobre Santa Joana. Catorze artistas contempor\u00e2neos interpretam a Santa de Aveiro, numa exposi\u00e7\u00e3o que vai ser inaugurada no pr\u00f3ximo s\u00e1bado, pelas 16 horas, no Museu de Aveiro. \u201cSanta Joana \u00abhac hora\u00bb\u201d, isto \u00e9, Santa [&hellip;]<\/p>\n","protected":false},"author":1,"featured_media":0,"comment_status":"open","ping_status":"open","sticky":false,"template":"","format":"standard","meta":{"footnotes":""},"categories":[38],"tags":[],"class_list":["post-22652","post","type-post","status-publish","format-standard","hentry","category-destaque"],"_links":{"self":[{"href":"https:\/\/sites.ecclesia.pt\/cv\/wp-json\/wp\/v2\/posts\/22652","targetHints":{"allow":["GET"]}}],"collection":[{"href":"https:\/\/sites.ecclesia.pt\/cv\/wp-json\/wp\/v2\/posts"}],"about":[{"href":"https:\/\/sites.ecclesia.pt\/cv\/wp-json\/wp\/v2\/types\/post"}],"author":[{"embeddable":true,"href":"https:\/\/sites.ecclesia.pt\/cv\/wp-json\/wp\/v2\/users\/1"}],"replies":[{"embeddable":true,"href":"https:\/\/sites.ecclesia.pt\/cv\/wp-json\/wp\/v2\/comments?post=22652"}],"version-history":[{"count":0,"href":"https:\/\/sites.ecclesia.pt\/cv\/wp-json\/wp\/v2\/posts\/22652\/revisions"}],"wp:attachment":[{"href":"https:\/\/sites.ecclesia.pt\/cv\/wp-json\/wp\/v2\/media?parent=22652"}],"wp:term":[{"taxonomy":"category","embeddable":true,"href":"https:\/\/sites.ecclesia.pt\/cv\/wp-json\/wp\/v2\/categories?post=22652"},{"taxonomy":"post_tag","embeddable":true,"href":"https:\/\/sites.ecclesia.pt\/cv\/wp-json\/wp\/v2\/tags?post=22652"}],"curies":[{"name":"wp","href":"https:\/\/api.w.org\/{rel}","templated":true}]}}