{"id":22751,"date":"2011-03-23T10:36:00","date_gmt":"2011-03-23T10:36:00","guid":{"rendered":"http:\/\/localhost:81\/wp1\/?p=22751"},"modified":"2011-03-23T10:36:00","modified_gmt":"2011-03-23T10:36:00","slug":"leituras-dominicais-61","status":"publish","type":"post","link":"https:\/\/sites.ecclesia.pt\/cv\/leituras-dominicais-61\/","title":{"rendered":"Leituras Dominicais"},"content":{"rendered":"<p>III Domingo da Quaresma &#8211; Ano A <!--more--> 1.\u00aa LEITURA Ex 17, 3-7<\/p>\n<p>\u00abD\u00e1-nos \u00e1gua para beber\u00bb<\/p>\n<p>Naqueles dias, o povo israelita, atormentado pela sede, come\u00e7ou a altercar com Mois\u00e9s, dizendo: \u00abPorque nos tiraste do Egipto? Para nos deixares morrer \u00e0 sede, a n\u00f3s, aos nossos filhos e aos nossos rebanhos?\u00bb. Ent\u00e3o Mois\u00e9s clamou ao Senhor, dizendo: \u00abQue hei-de fazer a este povo? Pouco falta para me apedrejarem\u00bb. O Senhor respondeu a Mois\u00e9s: \u00abPassa para a frente do povo e leva contigo alguns anci\u00e3os de Israel. Toma na m\u00e3o a vara com que fustigaste o Rio e p\u00f5e-te a caminho. Eu estarei diante de ti, sobre o rochedo, no monte Horeb. Bater\u00e1s no rochedo e dele sair\u00e1 \u00e1gua; ent\u00e3o o povo poder\u00e1 beber\u00bb. Mois\u00e9s assim fez \u00e0 vista dos anci\u00e3os de Israel. E chamou \u00e0quele lugar Massa e Meriba, por causa da alterca\u00e7\u00e3o dos filhos de Israel e por terem tentado o Senhor, ao dizerem: \u00abO Senhor est\u00e1 ou n\u00e3o no meio de n\u00f3s?\u00bb.<\/p>\n<p>2.\u00aa LEITURA Rom 5, 1-2.5-8<\/p>\n<p>\u00abO amor de Deus foi derramado em nossos cora\u00e7\u00f5es pelo Esp\u00edrito Santo que nos foi dado\u00bb<\/p>\n<p>Irm\u00e3os: Tendo sido justificados pela f\u00e9, estamos em paz com Deus, por Nosso Senhor Jesus Cristo, pelo qual temos acesso, na f\u00e9, a esta gra\u00e7a em que permanecemos e nos gloriamos, apoiados na esperan\u00e7a da gl\u00f3ria de Deus. Ora, a esperan\u00e7a n\u00e3o engana, porque o amor de Deus foi derramado em nossos cora\u00e7\u00f5es pelo Esp\u00edrito Santo que nos foi dado. Quando ainda \u00e9ramos fracos, Cristo morreu pelos \u00edmpios no tempo determinado. Dificilmente algu\u00e9m morre por um justo; por um homem bom, talvez algu\u00e9m tivesse a coragem de morrer. Mas Deus prova assim o seu amor para connosco: Cristo morreu por n\u00f3s, quando \u00e9ramos ainda pecadores.<\/p>\n<p>EVANGELHO \u2013 Jo 4, 5-15.19b-26.39a 40-42<\/p>\n<p>\u00abA fonte da \u00e1gua que jorra para a vida eterna\u00bb<\/p>\n<p>Naquele tempo, chegou Jesus a uma cidade da Samaria, chamada Sicar, junto da propriedade que Jacob tinha dado a seu filho Jos\u00e9, onde estava o po\u00e7o de Jacob. Jesus, cansado da caminhada, sentou-Se \u00e0 beira do po\u00e7o. Era por volta do meio-dia. Veio uma mulher da Samaria para tirar \u00e1gua. Disse-lhe Jesus: \u00abD\u00e1-Me de beber\u00bb. Os disc\u00edpulos tinham ido \u00e0 cidade comprar alimentos. Respondeu-Lhe a samaritana: \u00abComo \u00e9 que Tu, sendo judeu, me pedes de beber, sendo eu samaritana?\u00bb. De facto, os judeus n\u00e3o se d\u00e3o com os samaritanos. Disse-lhe Jesus: \u00abSe conhecesses o dom de Deus e quem \u00e9 Aquele que te diz: \u2018D\u00e1-Me de beber\u2019, tu \u00e9 que Lhe pedirias e Ele te daria \u00e1gua viva\u00bb. Respondeu-Lhe a mulher: \u00abSenhor, Tu nem sequer tens um balde e o po\u00e7o \u00e9 fundo: donde Te vem a \u00e1gua viva? Ser\u00e1s Tu maior do que o nosso pai Jacob, que nos deu este po\u00e7o, do qual ele mesmo bebeu, com os seus filhos e os seus rebanhos?\u00bb. Disse-lhe Jesus: \u00abTodo aquele que bebe desta \u00e1gua voltar\u00e1 a ter sede. Mas aquele que beber da \u00e1gua que Eu lhe der nunca mais ter\u00e1 sede: a \u00e1gua que Eu lhe der tornar-se-\u00e1 nele uma nascente que jorra para a vida eterna\u00bb. \u00abSenhor, \u2013 suplicou a mulher \u2013 d\u00e1-me dessa \u00e1gua, para que eu n\u00e3o sinta mais sede e n\u00e3o tenha de vir aqui busc\u00e1-la. Vejo que \u00e9s profeta. Os nossos pais adoraram neste monte e v\u00f3s dizeis que \u00e9 em Jerusal\u00e9m que se deve adorar\u00bb. Disse-lhe Jesus: \u00abMulher, acredita em Mim: Vai chegar a hora em que nem neste monte nem em Jerusal\u00e9m adorareis o Pai. V\u00f3s adorais o que n\u00e3o conheceis; n\u00f3s adoramos o que conhecemos, porque a salva\u00e7\u00e3o vem dos judeus. Mas vai chegar a hora \u2013 e j\u00e1 chegou \u2013 em que os verdadeiros adoradores h\u00e3o-de adorar o Pai em esp\u00edrito e verdade, pois s\u00e3o esses os adoradores que o Pai deseja. Deus \u00e9 esp\u00edrito e os seus adoradores devem ador\u00e1-l\u2019O em esp\u00edrito e verdade\u00bb. Disse-Lhe a mulher: \u00abEu sei que h\u00e1-de vir o Messias, isto \u00e9, Aquele que chamam Cristo. Quando vier h\u00e1-de anunciar-nos todas as coisas\u00bb. Respondeu-lhe Jesus: \u00abSou Eu, que estou a falar contigo\u00bb. Muitos samaritanos daquela cidade acreditaram em Jesus, por causa da palavra da mulher. Quando os samaritanos vieram ao encontro de Jesus, pediram-Lhe que ficasse com eles. E ficou l\u00e1 dois dias. Ao ouvi-l\u2019O, muitos acreditaram e diziam \u00e0 mulher: \u00abJ\u00e1 n\u00e3o \u00e9 por causa das tuas palavras que acreditamos. N\u00f3s pr\u00f3prios ouvimos e sabemos que Ele \u00e9 realmente o Salvador do mundo\u00bb.<\/p>\n","protected":false},"excerpt":{"rendered":"<p>III Domingo da Quaresma &#8211; Ano A<\/p>\n","protected":false},"author":1,"featured_media":0,"comment_status":"open","ping_status":"open","sticky":false,"template":"","format":"standard","meta":{"footnotes":""},"categories":[52],"tags":[],"class_list":["post-22751","post","type-post","status-publish","format-standard","hentry","category-espiritualidade"],"_links":{"self":[{"href":"https:\/\/sites.ecclesia.pt\/cv\/wp-json\/wp\/v2\/posts\/22751","targetHints":{"allow":["GET"]}}],"collection":[{"href":"https:\/\/sites.ecclesia.pt\/cv\/wp-json\/wp\/v2\/posts"}],"about":[{"href":"https:\/\/sites.ecclesia.pt\/cv\/wp-json\/wp\/v2\/types\/post"}],"author":[{"embeddable":true,"href":"https:\/\/sites.ecclesia.pt\/cv\/wp-json\/wp\/v2\/users\/1"}],"replies":[{"embeddable":true,"href":"https:\/\/sites.ecclesia.pt\/cv\/wp-json\/wp\/v2\/comments?post=22751"}],"version-history":[{"count":0,"href":"https:\/\/sites.ecclesia.pt\/cv\/wp-json\/wp\/v2\/posts\/22751\/revisions"}],"wp:attachment":[{"href":"https:\/\/sites.ecclesia.pt\/cv\/wp-json\/wp\/v2\/media?parent=22751"}],"wp:term":[{"taxonomy":"category","embeddable":true,"href":"https:\/\/sites.ecclesia.pt\/cv\/wp-json\/wp\/v2\/categories?post=22751"},{"taxonomy":"post_tag","embeddable":true,"href":"https:\/\/sites.ecclesia.pt\/cv\/wp-json\/wp\/v2\/tags?post=22751"}],"curies":[{"name":"wp","href":"https:\/\/api.w.org\/{rel}","templated":true}]}}