{"id":22823,"date":"2011-05-11T09:44:00","date_gmt":"2011-05-11T09:44:00","guid":{"rendered":"http:\/\/localhost:81\/wp1\/?p=22823"},"modified":"2011-05-11T09:44:00","modified_gmt":"2011-05-11T09:44:00","slug":"bispo-de-aveiro-168","status":"publish","type":"post","link":"https:\/\/sites.ecclesia.pt\/cv\/bispo-de-aveiro-168\/","title":{"rendered":"Bispo de Aveiro"},"content":{"rendered":"<p>De dia 2 a 5 de Maio: <\/p>\n<p>D. Ant\u00f3nio Francisco participou na assembleia plen\u00e1ria dos bispos portugueses, em F\u00e1tima;<\/p>\n<p>Dia 7: <\/p>\n<p>Participou no encontro Anual da ADASA;<\/p>\n<p>Dia 8: <\/p>\n<p>Celebrou a Eucaristia e o sacramento do Crisma na par\u00f3quia de Soza; participou no Dia Diocesano do Catequista, em Oliveira do Bairro.<\/p>\n<p>Dia 9: <\/p>\n<p>Reuniu com os bispos do centro na Casa Diocesana em Albergaria-a-Velha;<\/p>\n<p>Dia 12: <\/p>\n<p>Dia de Santa Joana Princesa, padroeira da Diocese; celebra a Eucaristia na S\u00e9 e preside \u00e0 prociss\u00e3o de Santa Joana Princesa;<\/p>\n<p>Dia 13: <\/p>\n<p>Concelebrar\u00e1 a Eucaristia no Santu\u00e1rio de Nossa Senhora de F\u00e1tima;<\/p>\n<p>Dia 15: <\/p>\n<p>Celebrar\u00e1 a Eucaristia e o sacramento do Crisma no encerramento da visita pastoral \u00e0 par\u00f3quia de Oliveira do Bairro.<\/p>\n","protected":false},"excerpt":{"rendered":"<p>De dia 2 a 5 de Maio: D. Ant\u00f3nio Francisco participou na assembleia plen\u00e1ria dos bispos portugueses, em F\u00e1tima; Dia 7: Participou no encontro Anual da ADASA; Dia 8: Celebrou a Eucaristia e o sacramento do Crisma na par\u00f3quia de Soza; participou no Dia Diocesano do Catequista, em Oliveira do Bairro. Dia 9: Reuniu com [&hellip;]<\/p>\n","protected":false},"author":1,"featured_media":0,"comment_status":"open","ping_status":"open","sticky":false,"template":"","format":"standard","meta":{"footnotes":""},"categories":[70],"tags":[],"class_list":["post-22823","post","type-post","status-publish","format-standard","hentry","category-diocese"],"_links":{"self":[{"href":"https:\/\/sites.ecclesia.pt\/cv\/wp-json\/wp\/v2\/posts\/22823","targetHints":{"allow":["GET"]}}],"collection":[{"href":"https:\/\/sites.ecclesia.pt\/cv\/wp-json\/wp\/v2\/posts"}],"about":[{"href":"https:\/\/sites.ecclesia.pt\/cv\/wp-json\/wp\/v2\/types\/post"}],"author":[{"embeddable":true,"href":"https:\/\/sites.ecclesia.pt\/cv\/wp-json\/wp\/v2\/users\/1"}],"replies":[{"embeddable":true,"href":"https:\/\/sites.ecclesia.pt\/cv\/wp-json\/wp\/v2\/comments?post=22823"}],"version-history":[{"count":0,"href":"https:\/\/sites.ecclesia.pt\/cv\/wp-json\/wp\/v2\/posts\/22823\/revisions"}],"wp:attachment":[{"href":"https:\/\/sites.ecclesia.pt\/cv\/wp-json\/wp\/v2\/media?parent=22823"}],"wp:term":[{"taxonomy":"category","embeddable":true,"href":"https:\/\/sites.ecclesia.pt\/cv\/wp-json\/wp\/v2\/categories?post=22823"},{"taxonomy":"post_tag","embeddable":true,"href":"https:\/\/sites.ecclesia.pt\/cv\/wp-json\/wp\/v2\/tags?post=22823"}],"curies":[{"name":"wp","href":"https:\/\/api.w.org\/{rel}","templated":true}]}}