{"id":22852,"date":"2011-04-20T09:33:00","date_gmt":"2011-04-20T09:33:00","guid":{"rendered":"http:\/\/localhost:81\/wp1\/?p=22852"},"modified":"2011-04-20T09:33:00","modified_gmt":"2011-04-20T09:33:00","slug":"novo-perfil-do-catequista-em-debate","status":"publish","type":"post","link":"https:\/\/sites.ecclesia.pt\/cv\/novo-perfil-do-catequista-em-debate\/","title":{"rendered":"Novo perfil do catequista em debate"},"content":{"rendered":"<p>Desafios e oportunidades da forma\u00e7\u00e3o no segundo dia de trabalhos do 50.\u00ba Encontro Nacional de Catequese.<\/p>\n<p>O presidente da Equipa Europeia de Catequese apelou na Guarda a uma nova \u201cfisionomia do catequista evangelizador, diferente da de antigamente\u201d.<\/p>\n<p>Presente no 50.\u00ba Encontro Nacional da Catequese, que decorreu at\u00e9 ao dia 16 de Abril, frei Enzo Biemmi falou num \u201chorizonte de um cristianismo da gra\u00e7a, uma catequese da proposta no registo da surpresa, as atitudes de liberdade e de gratuidade consideradas como dimens\u00f5es essenciais da f\u00e9\u201d.<\/p>\n<p>Na segunda confer\u00eancia proferida nesta iniciativa, o respons\u00e1vel defendeu uma \u201cl\u00f3gica formativa de acompanhante\/formador\u201d, de \u201chospitalidade m\u00fatua\u201d.<\/p>\n<p>\u201cO esfor\u00e7o da f\u00e9 implica que o evangelizador se deixe acolher na vida, nas perguntas, nas d\u00favidas, na necessidade de vida do outro. E n\u00e3o se trata de uma estrat\u00e9gia did\u00e1ctica, mas de uma profunda atitude humana\u201d, apelou.<\/p>\n<p>Para Biemmi, o acompanhamento \u201ccompleta a sua tarefa logo que o acompanhante desaparece; o desaparecimento do educador \u00e9 a condi\u00e7\u00e3o da interioriza\u00e7\u00e3o da sua ac\u00e7\u00e3o educativa\u201d.<\/p>\n<p>Depois de ter falado no tema \u00abA catequese e os catequistas face aos desafios da seculariza\u00e7\u00e3o\u00bb, o presidente da Equipa Europeia de Catequese voltou \u00e0 quest\u00e3o para afirmar: \u201cOs nossos catequistas, e n\u00f3s tamb\u00e9m, fomos formados para educar uma f\u00e9 que j\u00e1 l\u00e1 estava\u201d.<\/p>\n<p>Essa, assinalou, \u00e9 uma realidade que j\u00e1 se alterou e que exige \u201cuma s\u00e9rie de compet\u00eancias\u201d aos catequistas, em quatro \u00e1reas &#8211; \u201cteol\u00f3gica, cultural, pedag\u00f3gica e espiritual\u201d.<\/p>\n<p>\u201cO que podemos esperar do catequista, a este respeito, \u00e9 que ele possa falar da f\u00e9 ou d\u00e1-la a descobrir, n\u00e3o de forma abstracta e separada da vida mas, ao contr\u00e1rio, apoiando-se em tudo o que constitui o concreto da vida, apelando a todos os valores e recursos do meio\u201d, indicou.<\/p>\n<p>Enzo Biemmi considera que os dias de hoje s\u00e3o \u201cuma bel\u00edssima \u00e9poca para a f\u00e9\u201d. \u201cN\u00e3o devemos sentir saudades da sociedade de cristandade. Devemos, sim, deixar os nossos olhos encantarem-se com o reconhecimento da ac\u00e7\u00e3o de Deus nos homens e mulheres de hoje\u201d, concluiu.<\/p>\n","protected":false},"excerpt":{"rendered":"<p>Desafios e oportunidades da forma\u00e7\u00e3o no segundo dia de trabalhos do 50.\u00ba Encontro Nacional de Catequese. O presidente da Equipa Europeia de Catequese apelou na Guarda a uma nova \u201cfisionomia do catequista evangelizador, diferente da de antigamente\u201d. Presente no 50.\u00ba Encontro Nacional da Catequese, que decorreu at\u00e9 ao dia 16 de Abril, frei Enzo Biemmi [&hellip;]<\/p>\n","protected":false},"author":1,"featured_media":0,"comment_status":"open","ping_status":"open","sticky":false,"template":"","format":"standard","meta":{"footnotes":""},"categories":[53],"tags":[],"class_list":["post-22852","post","type-post","status-publish","format-standard","hentry","category-igreja-em-portugal"],"_links":{"self":[{"href":"https:\/\/sites.ecclesia.pt\/cv\/wp-json\/wp\/v2\/posts\/22852","targetHints":{"allow":["GET"]}}],"collection":[{"href":"https:\/\/sites.ecclesia.pt\/cv\/wp-json\/wp\/v2\/posts"}],"about":[{"href":"https:\/\/sites.ecclesia.pt\/cv\/wp-json\/wp\/v2\/types\/post"}],"author":[{"embeddable":true,"href":"https:\/\/sites.ecclesia.pt\/cv\/wp-json\/wp\/v2\/users\/1"}],"replies":[{"embeddable":true,"href":"https:\/\/sites.ecclesia.pt\/cv\/wp-json\/wp\/v2\/comments?post=22852"}],"version-history":[{"count":0,"href":"https:\/\/sites.ecclesia.pt\/cv\/wp-json\/wp\/v2\/posts\/22852\/revisions"}],"wp:attachment":[{"href":"https:\/\/sites.ecclesia.pt\/cv\/wp-json\/wp\/v2\/media?parent=22852"}],"wp:term":[{"taxonomy":"category","embeddable":true,"href":"https:\/\/sites.ecclesia.pt\/cv\/wp-json\/wp\/v2\/categories?post=22852"},{"taxonomy":"post_tag","embeddable":true,"href":"https:\/\/sites.ecclesia.pt\/cv\/wp-json\/wp\/v2\/tags?post=22852"}],"curies":[{"name":"wp","href":"https:\/\/api.w.org\/{rel}","templated":true}]}}