{"id":22861,"date":"2011-05-11T09:44:00","date_gmt":"2011-05-11T09:44:00","guid":{"rendered":"http:\/\/localhost:81\/wp1\/?p=22861"},"modified":"2011-05-11T09:44:00","modified_gmt":"2011-05-11T09:44:00","slug":"agenda-304","status":"publish","type":"post","link":"https:\/\/sites.ecclesia.pt\/cv\/agenda-304\/","title":{"rendered":"Agenda"},"content":{"rendered":"<p>MAIO<\/p>\n<p>12 \u2013 Dia de Santa Joana. Missa na S\u00e9 de Aveiro \u00e0s 10h30 e prociss\u00e3o \u00e0s 16h. Preside o Bispo de Aveiro<\/p>\n<p>19 \u2013 \u201cTodos diferentes, todos iguais?\u201d, confer\u00eancia com Isabel Jonet e Tolentino Mendon\u00e7a, no Teatro Aveirense, \u00e0s 21h30 <\/p>\n<p>19 \u2013 \u201cOs novos alcances e desafios da solidariedade\u201d, confer\u00eancia de Bag\u00e3o F\u00e9lix, no Centro Cultural da Gafanha da Nazar\u00e9, \u00e0s 21h<\/p>\n<p>22 \u2013 Encerramento da visita pastoral do Bispo de Aveiro a Oliveira do Bairro, \u00e0s 15h, no Espa\u00e7o Inova\u00e7\u00e3o<\/p>\n","protected":false},"excerpt":{"rendered":"<p>MAIO 12 \u2013 Dia de Santa Joana. Missa na S\u00e9 de Aveiro \u00e0s 10h30 e prociss\u00e3o \u00e0s 16h. Preside o Bispo de Aveiro 19 \u2013 \u201cTodos diferentes, todos iguais?\u201d, confer\u00eancia com Isabel Jonet e Tolentino Mendon\u00e7a, no Teatro Aveirense, \u00e0s 21h30 19 \u2013 \u201cOs novos alcances e desafios da solidariedade\u201d, confer\u00eancia de Bag\u00e3o F\u00e9lix, no [&hellip;]<\/p>\n","protected":false},"author":1,"featured_media":0,"comment_status":"open","ping_status":"open","sticky":false,"template":"","format":"standard","meta":{"footnotes":""},"categories":[70],"tags":[],"class_list":["post-22861","post","type-post","status-publish","format-standard","hentry","category-diocese"],"_links":{"self":[{"href":"https:\/\/sites.ecclesia.pt\/cv\/wp-json\/wp\/v2\/posts\/22861","targetHints":{"allow":["GET"]}}],"collection":[{"href":"https:\/\/sites.ecclesia.pt\/cv\/wp-json\/wp\/v2\/posts"}],"about":[{"href":"https:\/\/sites.ecclesia.pt\/cv\/wp-json\/wp\/v2\/types\/post"}],"author":[{"embeddable":true,"href":"https:\/\/sites.ecclesia.pt\/cv\/wp-json\/wp\/v2\/users\/1"}],"replies":[{"embeddable":true,"href":"https:\/\/sites.ecclesia.pt\/cv\/wp-json\/wp\/v2\/comments?post=22861"}],"version-history":[{"count":0,"href":"https:\/\/sites.ecclesia.pt\/cv\/wp-json\/wp\/v2\/posts\/22861\/revisions"}],"wp:attachment":[{"href":"https:\/\/sites.ecclesia.pt\/cv\/wp-json\/wp\/v2\/media?parent=22861"}],"wp:term":[{"taxonomy":"category","embeddable":true,"href":"https:\/\/sites.ecclesia.pt\/cv\/wp-json\/wp\/v2\/categories?post=22861"},{"taxonomy":"post_tag","embeddable":true,"href":"https:\/\/sites.ecclesia.pt\/cv\/wp-json\/wp\/v2\/tags?post=22861"}],"curies":[{"name":"wp","href":"https:\/\/api.w.org\/{rel}","templated":true}]}}