{"id":22927,"date":"2011-06-01T09:18:00","date_gmt":"2011-06-01T09:18:00","guid":{"rendered":"http:\/\/localhost:81\/wp1\/?p=22927"},"modified":"2011-06-01T09:18:00","modified_gmt":"2011-06-01T09:18:00","slug":"bispo-de-aveiro-170","status":"publish","type":"post","link":"https:\/\/sites.ecclesia.pt\/cv\/bispo-de-aveiro-170\/","title":{"rendered":"Bispo de Aveiro"},"content":{"rendered":"<p>Dia 27 de Maio<\/p>\n<p>D. Ant\u00f3nio Francisco celebrou a Eucaristia e o sacramento do Crisma na par\u00f3quia de Aradas<\/p>\n<p>Dia 28<\/p>\n<p>Celebrou a Eucaristia no encontro nacional dos bombeiros portugueses<\/p>\n<p>Dia 30<\/p>\n<p>Reuniu com a Comiss\u00e3o Episcopal Voca\u00e7\u00f5es e Minist\u00e9rios; reuniu com os crismandos da Vera Cruz<\/p>\n<p>Dia 1<\/p>\n<p>Re\u00fane com o Conselho Episcopal<\/p>\n<p>Dia 3<\/p>\n<p>Reunir\u00e1 com os crismandos da Unidade Pastoral de \u00c1gueda<\/p>\n<p>Dia 4<\/p>\n<p>Celebrar\u00e1 a Eucaristia e o sacramento do Crisma na Unidade Pastoral de \u00c1gueda<\/p>\n<p>Dia 6 <\/p>\n<p>Far\u00e1 a recolec\u00e7\u00e3o do clero da Diocese de Set\u00fabal<\/p>\n<p>Dia 10<\/p>\n<p>Presidir\u00e1 \u00e0 peregrina\u00e7\u00e3o nacional das crian\u00e7as no Santu\u00e1rio de F\u00e1tima.<\/p>\n<p>Dia 11<\/p>\n<p>Participar\u00e1 no encerramento da III Etapa do Plano Pastoral (vig\u00edlia de ora\u00e7\u00e3o na S\u00e9 de Aveiro).<\/p>\n","protected":false},"excerpt":{"rendered":"<p>Dia 27 de Maio D. Ant\u00f3nio Francisco celebrou a Eucaristia e o sacramento do Crisma na par\u00f3quia de Aradas Dia 28 Celebrou a Eucaristia no encontro nacional dos bombeiros portugueses Dia 30 Reuniu com a Comiss\u00e3o Episcopal Voca\u00e7\u00f5es e Minist\u00e9rios; reuniu com os crismandos da Vera Cruz Dia 1 Re\u00fane com o Conselho Episcopal Dia [&hellip;]<\/p>\n","protected":false},"author":1,"featured_media":0,"comment_status":"open","ping_status":"open","sticky":false,"template":"","format":"standard","meta":{"footnotes":""},"categories":[70],"tags":[],"class_list":["post-22927","post","type-post","status-publish","format-standard","hentry","category-diocese"],"_links":{"self":[{"href":"https:\/\/sites.ecclesia.pt\/cv\/wp-json\/wp\/v2\/posts\/22927","targetHints":{"allow":["GET"]}}],"collection":[{"href":"https:\/\/sites.ecclesia.pt\/cv\/wp-json\/wp\/v2\/posts"}],"about":[{"href":"https:\/\/sites.ecclesia.pt\/cv\/wp-json\/wp\/v2\/types\/post"}],"author":[{"embeddable":true,"href":"https:\/\/sites.ecclesia.pt\/cv\/wp-json\/wp\/v2\/users\/1"}],"replies":[{"embeddable":true,"href":"https:\/\/sites.ecclesia.pt\/cv\/wp-json\/wp\/v2\/comments?post=22927"}],"version-history":[{"count":0,"href":"https:\/\/sites.ecclesia.pt\/cv\/wp-json\/wp\/v2\/posts\/22927\/revisions"}],"wp:attachment":[{"href":"https:\/\/sites.ecclesia.pt\/cv\/wp-json\/wp\/v2\/media?parent=22927"}],"wp:term":[{"taxonomy":"category","embeddable":true,"href":"https:\/\/sites.ecclesia.pt\/cv\/wp-json\/wp\/v2\/categories?post=22927"},{"taxonomy":"post_tag","embeddable":true,"href":"https:\/\/sites.ecclesia.pt\/cv\/wp-json\/wp\/v2\/tags?post=22927"}],"curies":[{"name":"wp","href":"https:\/\/api.w.org\/{rel}","templated":true}]}}