{"id":22950,"date":"2011-05-18T09:45:00","date_gmt":"2011-05-18T09:45:00","guid":{"rendered":"http:\/\/localhost:81\/wp1\/?p=22950"},"modified":"2011-05-18T09:45:00","modified_gmt":"2011-05-18T09:45:00","slug":"moradia-na-rua-de-s-roque","status":"publish","type":"post","link":"https:\/\/sites.ecclesia.pt\/cv\/moradia-na-rua-de-s-roque\/","title":{"rendered":"Moradia na Rua de S. Roque"},"content":{"rendered":"<p>Im\u00f3veis n\u00e3o classificados <!--more--> Na Rua de S. Roque, no t\u00edpico Bairro da Beira-Mar, ergue-se esta moradia antiga, que apesar das suas linhas arquitect\u00f3nicas de cariz popular daquela zona de Aveiro, apresenta uma decora\u00e7\u00e3o bastante interessante, especialmente na fachada principal, onde se destaca o revestimento azulejar.<\/p>\n<p>C.F.<\/p>\n","protected":false},"excerpt":{"rendered":"<p>Im\u00f3veis n\u00e3o classificados<\/p>\n","protected":false},"author":1,"featured_media":0,"comment_status":"open","ping_status":"open","sticky":false,"template":"","format":"standard","meta":{"footnotes":""},"categories":[45],"tags":[],"class_list":["post-22950","post","type-post","status-publish","format-standard","hentry","category-regioes"],"_links":{"self":[{"href":"https:\/\/sites.ecclesia.pt\/cv\/wp-json\/wp\/v2\/posts\/22950","targetHints":{"allow":["GET"]}}],"collection":[{"href":"https:\/\/sites.ecclesia.pt\/cv\/wp-json\/wp\/v2\/posts"}],"about":[{"href":"https:\/\/sites.ecclesia.pt\/cv\/wp-json\/wp\/v2\/types\/post"}],"author":[{"embeddable":true,"href":"https:\/\/sites.ecclesia.pt\/cv\/wp-json\/wp\/v2\/users\/1"}],"replies":[{"embeddable":true,"href":"https:\/\/sites.ecclesia.pt\/cv\/wp-json\/wp\/v2\/comments?post=22950"}],"version-history":[{"count":0,"href":"https:\/\/sites.ecclesia.pt\/cv\/wp-json\/wp\/v2\/posts\/22950\/revisions"}],"wp:attachment":[{"href":"https:\/\/sites.ecclesia.pt\/cv\/wp-json\/wp\/v2\/media?parent=22950"}],"wp:term":[{"taxonomy":"category","embeddable":true,"href":"https:\/\/sites.ecclesia.pt\/cv\/wp-json\/wp\/v2\/categories?post=22950"},{"taxonomy":"post_tag","embeddable":true,"href":"https:\/\/sites.ecclesia.pt\/cv\/wp-json\/wp\/v2\/tags?post=22950"}],"curies":[{"name":"wp","href":"https:\/\/api.w.org\/{rel}","templated":true}]}}