{"id":22979,"date":"2011-06-01T09:34:00","date_gmt":"2011-06-01T09:34:00","guid":{"rendered":"http:\/\/localhost:81\/wp1\/?p=22979"},"modified":"2011-06-01T09:34:00","modified_gmt":"2011-06-01T09:34:00","slug":"replica-da-capelinha-das-aparicoes-no-brasil","status":"publish","type":"post","link":"https:\/\/sites.ecclesia.pt\/cv\/replica-da-capelinha-das-aparicoes-no-brasil\/","title":{"rendered":"R\u00e9plica da Capelinha das Apari\u00e7\u00f5es no Brasil"},"content":{"rendered":"<p>Milhares de fi\u00e9is brasileiros e portugueses participaram no passado fim-de-semana, no Rio de Janeiro, na inaugura\u00e7\u00e3o da r\u00e9plica da Capela das Apari\u00e7\u00f5es de Nossa Senhora de F\u00e1tima.<\/p>\n<p>\u00danica no mundo a ter as medidas exactas da capela original que foi erguida no santu\u00e1rio mariano portugu\u00eas, a r\u00e9plica brasileira foi constru\u00edda por iniciativa de Berthaldo Soares, fundador da Associa\u00e7\u00e3o Arquidiocesana \u201cTarde com Maria\u201d.<\/p>\n<p>A ideia come\u00e7ou a ganhar forma em 2006, depois de uma peregrina\u00e7\u00e3o daquele movimento religioso \u00e0 Cova da Iria, onde celebrou junto de Nossa Senhora de F\u00e1tima 20 anos de exist\u00eancia.<\/p>\n<p>Ap\u00f3s o aval da Santa S\u00e9, o projecto obteve um impulso decisivo atrav\u00e9s do munic\u00edpio do Rio de Janeiro, que cedeu um terreno de 14 mil metros quadrados, situado numa zona a oeste da cidade, chamada Recreio dos Bandeirantes.<\/p>\n<p>O arcebispo do Rio de Janeiro, D. Orani Jo\u00e3o Tempesta, que presidiu no s\u00e1bado \u00e0 cerim\u00f3nia de inaugura\u00e7\u00e3o, foi quem assinou o decreto para a cria\u00e7\u00e3o do novo espa\u00e7o de culto, que agora se abre ao mundo.<\/p>\n<p>Presentes nas celebra\u00e7\u00f5es de consagra\u00e7\u00e3o estiveram tamb\u00e9m D. Virg\u00edlio Antunes, ainda reitor do Santu\u00e1rio de F\u00e1tima em Portugal, e D. Ant\u00f3nio Marto, bispo de Leiria-F\u00e1tima.<\/p>\n","protected":false},"excerpt":{"rendered":"<p>Milhares de fi\u00e9is brasileiros e portugueses participaram no passado fim-de-semana, no Rio de Janeiro, na inaugura\u00e7\u00e3o da r\u00e9plica da Capela das Apari\u00e7\u00f5es de Nossa Senhora de F\u00e1tima. \u00danica no mundo a ter as medidas exactas da capela original que foi erguida no santu\u00e1rio mariano portugu\u00eas, a r\u00e9plica brasileira foi constru\u00edda por iniciativa de Berthaldo Soares, [&hellip;]<\/p>\n","protected":false},"author":1,"featured_media":0,"comment_status":"open","ping_status":"open","sticky":false,"template":"","format":"standard","meta":{"footnotes":""},"categories":[53],"tags":[],"class_list":["post-22979","post","type-post","status-publish","format-standard","hentry","category-igreja-em-portugal"],"_links":{"self":[{"href":"https:\/\/sites.ecclesia.pt\/cv\/wp-json\/wp\/v2\/posts\/22979","targetHints":{"allow":["GET"]}}],"collection":[{"href":"https:\/\/sites.ecclesia.pt\/cv\/wp-json\/wp\/v2\/posts"}],"about":[{"href":"https:\/\/sites.ecclesia.pt\/cv\/wp-json\/wp\/v2\/types\/post"}],"author":[{"embeddable":true,"href":"https:\/\/sites.ecclesia.pt\/cv\/wp-json\/wp\/v2\/users\/1"}],"replies":[{"embeddable":true,"href":"https:\/\/sites.ecclesia.pt\/cv\/wp-json\/wp\/v2\/comments?post=22979"}],"version-history":[{"count":0,"href":"https:\/\/sites.ecclesia.pt\/cv\/wp-json\/wp\/v2\/posts\/22979\/revisions"}],"wp:attachment":[{"href":"https:\/\/sites.ecclesia.pt\/cv\/wp-json\/wp\/v2\/media?parent=22979"}],"wp:term":[{"taxonomy":"category","embeddable":true,"href":"https:\/\/sites.ecclesia.pt\/cv\/wp-json\/wp\/v2\/categories?post=22979"},{"taxonomy":"post_tag","embeddable":true,"href":"https:\/\/sites.ecclesia.pt\/cv\/wp-json\/wp\/v2\/tags?post=22979"}],"curies":[{"name":"wp","href":"https:\/\/api.w.org\/{rel}","templated":true}]}}