{"id":23,"date":"2006-04-03T14:44:00","date_gmt":"2006-04-03T14:44:00","guid":{"rendered":"http:\/\/localhost:81\/wp1\/?p=23"},"modified":"2006-04-03T14:44:00","modified_gmt":"2006-04-03T14:44:00","slug":"artista-brasileira-expoe-alquerubim-em-pastel","status":"publish","type":"post","link":"https:\/\/sites.ecclesia.pt\/cv\/artista-brasileira-expoe-alquerubim-em-pastel\/","title":{"rendered":"Artista brasileira exp\u00f5e &#8220;Alquerubim em Pastel&#8221;"},"content":{"rendered":"<p>Na Biblioteca Municipal de Albergaria-a-Velha <!--more--> A Biblioteca Municipal de Albergaria-a-Velha continua animada em Outubro, agora com uma exposi\u00e7\u00e3o de pintura de Ros\u00e2ngela Larraz, natural de Porto Alegre, Brasil. A mostra, \u201cAlquerubim em Pastel\u201d, apresenta alguns quadros inspirados naquela freguesia, onde a artista tem dado cursos de inicia\u00e7\u00e3o ao desenho e \u00e0 pintura, tanto a crian\u00e7as como a jovens, na Casa do Povo. Durante as tardes, Ros\u00e2ngela Larraz estar\u00e1 a trabalhar num \u201catelier\u201d, na exposi\u00e7\u00e3o.<\/p>\n<p>Em Alquerubim j\u00e1 organizou seis exposi\u00e7\u00f5es sobre ac\u00e7\u00f5es realizadas com os seus alunos mais novos, tendo ainda participado em quatro colectivas em Albergaria-a-Velha e Aveiro. Tamb\u00e9m exp\u00f4s na Galeria do Chiado, em Coimbra.<\/p>\n<p>Frequentou o curso sobre porcelana e azulejo da Funda\u00e7\u00e3o Calouste Gulbenkian, em Aveiro, e tem \u201catelier\u201d de pintura em Alquerubim.<\/p>\n<p>Esta exposi\u00e7\u00e3o pode ser visitada entre 13 e 27 de Outubro, durante o hor\u00e1rio normal de funcionamento da Biblioteca Municipal.<\/p>\n","protected":false},"excerpt":{"rendered":"<p>Na Biblioteca Municipal de Albergaria-a-Velha<\/p>\n","protected":false},"author":1,"featured_media":0,"comment_status":"open","ping_status":"open","sticky":false,"template":"","format":"standard","meta":{"footnotes":""},"categories":[66],"tags":[],"class_list":["post-23","post","type-post","status-publish","format-standard","hentry","category-cultura"],"_links":{"self":[{"href":"https:\/\/sites.ecclesia.pt\/cv\/wp-json\/wp\/v2\/posts\/23","targetHints":{"allow":["GET"]}}],"collection":[{"href":"https:\/\/sites.ecclesia.pt\/cv\/wp-json\/wp\/v2\/posts"}],"about":[{"href":"https:\/\/sites.ecclesia.pt\/cv\/wp-json\/wp\/v2\/types\/post"}],"author":[{"embeddable":true,"href":"https:\/\/sites.ecclesia.pt\/cv\/wp-json\/wp\/v2\/users\/1"}],"replies":[{"embeddable":true,"href":"https:\/\/sites.ecclesia.pt\/cv\/wp-json\/wp\/v2\/comments?post=23"}],"version-history":[{"count":0,"href":"https:\/\/sites.ecclesia.pt\/cv\/wp-json\/wp\/v2\/posts\/23\/revisions"}],"wp:attachment":[{"href":"https:\/\/sites.ecclesia.pt\/cv\/wp-json\/wp\/v2\/media?parent=23"}],"wp:term":[{"taxonomy":"category","embeddable":true,"href":"https:\/\/sites.ecclesia.pt\/cv\/wp-json\/wp\/v2\/categories?post=23"},{"taxonomy":"post_tag","embeddable":true,"href":"https:\/\/sites.ecclesia.pt\/cv\/wp-json\/wp\/v2\/tags?post=23"}],"curies":[{"name":"wp","href":"https:\/\/api.w.org\/{rel}","templated":true}]}}