{"id":23022,"date":"2011-06-01T09:25:00","date_gmt":"2011-06-01T09:25:00","guid":{"rendered":"http:\/\/localhost:81\/wp1\/?p=23022"},"modified":"2011-06-01T09:25:00","modified_gmt":"2011-06-01T09:25:00","slug":"festas-de-verao-da-paroquia-da-gloria-3","status":"publish","type":"post","link":"https:\/\/sites.ecclesia.pt\/cv\/festas-de-verao-da-paroquia-da-gloria-3\/","title":{"rendered":"Festas de Ver\u00e3o da par\u00f3quia da Gl\u00f3ria"},"content":{"rendered":"<p>V\u00e3o decorrer as Festas de Ver\u00e3o, organizadas pela par\u00f3quia da Gl\u00f3ria &#8211; S\u00e9, no Parque Municipal Infante D. Pedro, nos dias 4, 11, 18, 19 e 23 de Junho. Nos dias 4, 11 e 18, as noites t\u00eam in\u00edcio \u00e0s 20h com o servi\u00e7o de jantar (caldo verde, f\u00eaveras, sardinha assada e arroz doce) e m\u00fasica at\u00e9 \u00e0s 23h30. No dia 19, Dia da Comunidade, haver\u00e1 a recep\u00e7\u00e3o \u00e0 comunidade \u00e0s 10h30, seguida da Missa campal \u00e0s 11h30. O almo\u00e7o come\u00e7ar\u00e1 a ser servido \u00e0s 13h. A tarde ser\u00e1 musical e recriativa. No dia 23, a noite de S\u00e3o Jo\u00e3o come\u00e7ar\u00e1 com o jantar \u00e0s 20h, seguindo-se o desfile das marchas populares e m\u00fasica ambiente at\u00e9 \u00e0s 23h30.<\/p>\n","protected":false},"excerpt":{"rendered":"<p>V\u00e3o decorrer as Festas de Ver\u00e3o, organizadas pela par\u00f3quia da Gl\u00f3ria &#8211; S\u00e9, no Parque Municipal Infante D. Pedro, nos dias 4, 11, 18, 19 e 23 de Junho. Nos dias 4, 11 e 18, as noites t\u00eam in\u00edcio \u00e0s 20h com o servi\u00e7o de jantar (caldo verde, f\u00eaveras, sardinha assada e arroz doce) e [&hellip;]<\/p>\n","protected":false},"author":1,"featured_media":0,"comment_status":"open","ping_status":"open","sticky":false,"template":"","format":"standard","meta":{"footnotes":""},"categories":[70],"tags":[],"class_list":["post-23022","post","type-post","status-publish","format-standard","hentry","category-diocese"],"_links":{"self":[{"href":"https:\/\/sites.ecclesia.pt\/cv\/wp-json\/wp\/v2\/posts\/23022","targetHints":{"allow":["GET"]}}],"collection":[{"href":"https:\/\/sites.ecclesia.pt\/cv\/wp-json\/wp\/v2\/posts"}],"about":[{"href":"https:\/\/sites.ecclesia.pt\/cv\/wp-json\/wp\/v2\/types\/post"}],"author":[{"embeddable":true,"href":"https:\/\/sites.ecclesia.pt\/cv\/wp-json\/wp\/v2\/users\/1"}],"replies":[{"embeddable":true,"href":"https:\/\/sites.ecclesia.pt\/cv\/wp-json\/wp\/v2\/comments?post=23022"}],"version-history":[{"count":0,"href":"https:\/\/sites.ecclesia.pt\/cv\/wp-json\/wp\/v2\/posts\/23022\/revisions"}],"wp:attachment":[{"href":"https:\/\/sites.ecclesia.pt\/cv\/wp-json\/wp\/v2\/media?parent=23022"}],"wp:term":[{"taxonomy":"category","embeddable":true,"href":"https:\/\/sites.ecclesia.pt\/cv\/wp-json\/wp\/v2\/categories?post=23022"},{"taxonomy":"post_tag","embeddable":true,"href":"https:\/\/sites.ecclesia.pt\/cv\/wp-json\/wp\/v2\/tags?post=23022"}],"curies":[{"name":"wp","href":"https:\/\/api.w.org\/{rel}","templated":true}]}}