{"id":23023,"date":"2011-06-01T09:35:00","date_gmt":"2011-06-01T09:35:00","guid":{"rendered":"http:\/\/localhost:81\/wp1\/?p=23023"},"modified":"2011-06-01T09:35:00","modified_gmt":"2011-06-01T09:35:00","slug":"locmtc-seminario-internacional-tempo-para-o-trabalho-e-para-a-familia","status":"publish","type":"post","link":"https:\/\/sites.ecclesia.pt\/cv\/locmtc-seminario-internacional-tempo-para-o-trabalho-e-para-a-familia\/","title":{"rendered":"LOC\/MTC: semin\u00e1rio internacional \u00abTempo para o trabalho e para a fam\u00edlia&#8221;"},"content":{"rendered":"<p>O Movimento de Trabalhadores Crist\u00e3os (LOC\/MTC) realiza, de 9 a 12 de Junho, na biblioteca municipal de Torres Novas (diocese de Santar\u00e9m), um semin\u00e1rio internacional sobre \u201cTempo para o trabalho e para a fam\u00edlia\u201d.<\/p>\n<p>A tem\u00e1tica deste encontro pretende, atrav\u00e9s da reflex\u00e3o e do debate, \u201cencontrar respostas para um equil\u00edbrio e concilia\u00e7\u00e3o entre a vida profissional e familiar\u201d, real\u00e7a o movimento em comunicado.<\/p>\n<p>Nesta actividade, os participantes ir\u00e3o aprofundar a necessidade de \u201cnovos modelos de hor\u00e1rios e ritmos de trabalho numa sociedade marcada pelo desemprego, pela precariedade laboral e pela desvaloriza\u00e7\u00e3o dos la\u00e7os familiares\u201d.<\/p>\n<p>A iniciativa conta com o apoio do EZA (Centro Europeu para os Assuntos dos Trabalhadores) e da Uni\u00e3o Europeia, com membros da LOC\/MTC, trabalhadores crist\u00e3os de Espanha, Fran\u00e7a, B\u00e9lgica, Alemanha, Inglaterra, Dinamarca, Eslov\u00e9nia e Rep\u00fablica Checa.<\/p>\n","protected":false},"excerpt":{"rendered":"<p>O Movimento de Trabalhadores Crist\u00e3os (LOC\/MTC) realiza, de 9 a 12 de Junho, na biblioteca municipal de Torres Novas (diocese de Santar\u00e9m), um semin\u00e1rio internacional sobre \u201cTempo para o trabalho e para a fam\u00edlia\u201d. A tem\u00e1tica deste encontro pretende, atrav\u00e9s da reflex\u00e3o e do debate, \u201cencontrar respostas para um equil\u00edbrio e concilia\u00e7\u00e3o entre a vida [&hellip;]<\/p>\n","protected":false},"author":1,"featured_media":0,"comment_status":"open","ping_status":"open","sticky":false,"template":"","format":"standard","meta":{"footnotes":""},"categories":[55],"tags":[],"class_list":["post-23023","post","type-post","status-publish","format-standard","hentry","category-igreja-no-mundo"],"_links":{"self":[{"href":"https:\/\/sites.ecclesia.pt\/cv\/wp-json\/wp\/v2\/posts\/23023","targetHints":{"allow":["GET"]}}],"collection":[{"href":"https:\/\/sites.ecclesia.pt\/cv\/wp-json\/wp\/v2\/posts"}],"about":[{"href":"https:\/\/sites.ecclesia.pt\/cv\/wp-json\/wp\/v2\/types\/post"}],"author":[{"embeddable":true,"href":"https:\/\/sites.ecclesia.pt\/cv\/wp-json\/wp\/v2\/users\/1"}],"replies":[{"embeddable":true,"href":"https:\/\/sites.ecclesia.pt\/cv\/wp-json\/wp\/v2\/comments?post=23023"}],"version-history":[{"count":0,"href":"https:\/\/sites.ecclesia.pt\/cv\/wp-json\/wp\/v2\/posts\/23023\/revisions"}],"wp:attachment":[{"href":"https:\/\/sites.ecclesia.pt\/cv\/wp-json\/wp\/v2\/media?parent=23023"}],"wp:term":[{"taxonomy":"category","embeddable":true,"href":"https:\/\/sites.ecclesia.pt\/cv\/wp-json\/wp\/v2\/categories?post=23023"},{"taxonomy":"post_tag","embeddable":true,"href":"https:\/\/sites.ecclesia.pt\/cv\/wp-json\/wp\/v2\/tags?post=23023"}],"curies":[{"name":"wp","href":"https:\/\/api.w.org\/{rel}","templated":true}]}}