{"id":23050,"date":"2011-06-01T09:19:00","date_gmt":"2011-06-01T09:19:00","guid":{"rendered":"http:\/\/localhost:81\/wp1\/?p=23050"},"modified":"2011-06-01T09:19:00","modified_gmt":"2011-06-01T09:19:00","slug":"merecem-admiracao-estima-e-respeito-diz-o-bispo-de-aveiro-aos-bombeiros","status":"publish","type":"post","link":"https:\/\/sites.ecclesia.pt\/cv\/merecem-admiracao-estima-e-respeito-diz-o-bispo-de-aveiro-aos-bombeiros\/","title":{"rendered":"Merecem &#8220;admira\u00e7\u00e3o, estima e respeito&#8221;, diz o Bispo de Aveiro aos bombeiros"},"content":{"rendered":"<p>\u201cNo vosso lema \u00abVida por Vida\u00bb escreve-se o melhor da alma nacional e exprimem-se os mais belos sentimentos e valores do nosso viver como povo solid\u00e1rio que somos. Trazeis convosco, no cora\u00e7\u00e3o e na vida, a solidariedade para com os que sofrem e uma vontade inquebrant\u00e1vel diante dos dramas das pessoas e das trag\u00e9dias humanas\u201d, afirmou D. Ant\u00f3nio Francisco aos bombeiros de todos o pa\u00eds, que comemoraram nos dias 28 e 29 de Maio, em Aveiro, o Dia Nacional do Bombeiro.<\/p>\n<p>Na missa a que presidiu na Igreja da Miseric\u00f3rdia, no domingo, D. Ant\u00f3nio Francisco agradeceu a escolha da \u201cnossa cidade\u201d e disse que os bombeiros s\u00e3o \u201ccredores\u201d da \u201cadmira\u00e7\u00e3o, estima e respeito\u201d dos portugueses, pelo \u201csocorro oferecido a popula\u00e7\u00f5es em dificuldade, o combate frente \u00e0s calamidades naturais ou a resposta dada aos acontecimentos e dramas humanos\u201d.<\/p>\n<p>\u201cA vossa ac\u00e7\u00e3o reveste-se de enorme import\u00e2ncia no apoio a pessoas doentes, no socorro em situa\u00e7\u00f5es de calamidades naturais, de desastres ou de acidentes humanos. Mereceis, por isso, de todos n\u00f3s p\u00fablico realce e justa homenagem. A minha presen\u00e7a aqui quer ser disso p\u00fablico testemunho\u201d, afirmou.<\/p>\n<p>\u201cTodos os anos tendes escrito com o suor do vosso rosto e muitas vezes at\u00e9 com o sangue e com a vida de companheiros vossos belas p\u00e1ginas de servi\u00e7o pronto e eficaz e de hero\u00edsmo corajoso\u201d, disse ainda, recordando a trag\u00e9dia de \u00c1gueda, em 1986, quando 13 bombeiros e tr\u00eas civis morreram durante o combate a um inc\u00eandio.<\/p>\n<p>No s\u00e1bado, os bombeiros inauguraram a sede da Federa\u00e7\u00e3o de Bombeiros do Distrito de Aveiro, na Pra\u00e7a Marqu\u00eas de Pombal, e participaram em concursos de manobras no campo desportivo da Universidade de Aveiro. No domingo, ap\u00f3s a missa, houve recep\u00e7\u00e3o das entidades na Pra\u00e7a Marqu\u00eas de Pombal, entrega do pr\u00e9mio Bombeiro de M\u00e9rito a Maximino Pacheco, de Freamunde, e de outras condecora\u00e7\u00f5es a pessoas e corpora\u00e7\u00f5es. O duplo dia terminou com um desfile apeado e motorizado na Avenida Louren\u00e7o Peixinho.<\/p>\n","protected":false},"excerpt":{"rendered":"<p>\u201cNo vosso lema \u00abVida por Vida\u00bb escreve-se o melhor da alma nacional e exprimem-se os mais belos sentimentos e valores do nosso viver como povo solid\u00e1rio que somos. Trazeis convosco, no cora\u00e7\u00e3o e na vida, a solidariedade para com os que sofrem e uma vontade inquebrant\u00e1vel diante dos dramas das pessoas e das trag\u00e9dias humanas\u201d, [&hellip;]<\/p>\n","protected":false},"author":1,"featured_media":0,"comment_status":"open","ping_status":"open","sticky":false,"template":"","format":"standard","meta":{"footnotes":""},"categories":[70],"tags":[],"class_list":["post-23050","post","type-post","status-publish","format-standard","hentry","category-diocese"],"_links":{"self":[{"href":"https:\/\/sites.ecclesia.pt\/cv\/wp-json\/wp\/v2\/posts\/23050","targetHints":{"allow":["GET"]}}],"collection":[{"href":"https:\/\/sites.ecclesia.pt\/cv\/wp-json\/wp\/v2\/posts"}],"about":[{"href":"https:\/\/sites.ecclesia.pt\/cv\/wp-json\/wp\/v2\/types\/post"}],"author":[{"embeddable":true,"href":"https:\/\/sites.ecclesia.pt\/cv\/wp-json\/wp\/v2\/users\/1"}],"replies":[{"embeddable":true,"href":"https:\/\/sites.ecclesia.pt\/cv\/wp-json\/wp\/v2\/comments?post=23050"}],"version-history":[{"count":0,"href":"https:\/\/sites.ecclesia.pt\/cv\/wp-json\/wp\/v2\/posts\/23050\/revisions"}],"wp:attachment":[{"href":"https:\/\/sites.ecclesia.pt\/cv\/wp-json\/wp\/v2\/media?parent=23050"}],"wp:term":[{"taxonomy":"category","embeddable":true,"href":"https:\/\/sites.ecclesia.pt\/cv\/wp-json\/wp\/v2\/categories?post=23050"},{"taxonomy":"post_tag","embeddable":true,"href":"https:\/\/sites.ecclesia.pt\/cv\/wp-json\/wp\/v2\/tags?post=23050"}],"curies":[{"name":"wp","href":"https:\/\/api.w.org\/{rel}","templated":true}]}}