{"id":23051,"date":"2011-06-01T09:32:00","date_gmt":"2011-06-01T09:32:00","guid":{"rendered":"http:\/\/localhost:81\/wp1\/?p=23051"},"modified":"2011-06-01T09:32:00","modified_gmt":"2011-06-01T09:32:00","slug":"rotarios-homenageiam-paroco-de-avanca","status":"publish","type":"post","link":"https:\/\/sites.ecclesia.pt\/cv\/rotarios-homenageiam-paroco-de-avanca\/","title":{"rendered":"Rot\u00e1rios homenageiam p\u00e1roco de Avanca"},"content":{"rendered":"<p>O Rotary Club de Estarreja homenageou no dia 28 de Abril o P.e Jos\u00e9 Henriques, p\u00e1roco de Avanca, atribuindo-lhe o Pr\u00e9mio D. Francisco Nunes Teixeira, que recorda o bispo rot\u00e1rio natural de Estarreja. \u00c2ngelo Freitas, presidente dos rot\u00e1rios, qualificou P.e Jos\u00e9 Henriques como \u201cum padre que gosta de obras\u201d e entregou-lhe uma oferta de 1000 euros que ter\u00e1 como destino a unidade de cuidados continuados que est\u00e1 a ser constru\u00edda em Avanca.<\/p>\n","protected":false},"excerpt":{"rendered":"<p>O Rotary Club de Estarreja homenageou no dia 28 de Abril o P.e Jos\u00e9 Henriques, p\u00e1roco de Avanca, atribuindo-lhe o Pr\u00e9mio D. Francisco Nunes Teixeira, que recorda o bispo rot\u00e1rio natural de Estarreja. \u00c2ngelo Freitas, presidente dos rot\u00e1rios, qualificou P.e Jos\u00e9 Henriques como \u201cum padre que gosta de obras\u201d e entregou-lhe uma oferta de 1000 [&hellip;]<\/p>\n","protected":false},"author":1,"featured_media":0,"comment_status":"open","ping_status":"open","sticky":false,"template":"","format":"standard","meta":{"footnotes":""},"categories":[70],"tags":[],"class_list":["post-23051","post","type-post","status-publish","format-standard","hentry","category-diocese"],"_links":{"self":[{"href":"https:\/\/sites.ecclesia.pt\/cv\/wp-json\/wp\/v2\/posts\/23051","targetHints":{"allow":["GET"]}}],"collection":[{"href":"https:\/\/sites.ecclesia.pt\/cv\/wp-json\/wp\/v2\/posts"}],"about":[{"href":"https:\/\/sites.ecclesia.pt\/cv\/wp-json\/wp\/v2\/types\/post"}],"author":[{"embeddable":true,"href":"https:\/\/sites.ecclesia.pt\/cv\/wp-json\/wp\/v2\/users\/1"}],"replies":[{"embeddable":true,"href":"https:\/\/sites.ecclesia.pt\/cv\/wp-json\/wp\/v2\/comments?post=23051"}],"version-history":[{"count":0,"href":"https:\/\/sites.ecclesia.pt\/cv\/wp-json\/wp\/v2\/posts\/23051\/revisions"}],"wp:attachment":[{"href":"https:\/\/sites.ecclesia.pt\/cv\/wp-json\/wp\/v2\/media?parent=23051"}],"wp:term":[{"taxonomy":"category","embeddable":true,"href":"https:\/\/sites.ecclesia.pt\/cv\/wp-json\/wp\/v2\/categories?post=23051"},{"taxonomy":"post_tag","embeddable":true,"href":"https:\/\/sites.ecclesia.pt\/cv\/wp-json\/wp\/v2\/tags?post=23051"}],"curies":[{"name":"wp","href":"https:\/\/api.w.org\/{rel}","templated":true}]}}