{"id":23052,"date":"2011-06-01T09:36:00","date_gmt":"2011-06-01T09:36:00","guid":{"rendered":"http:\/\/localhost:81\/wp1\/?p=23052"},"modified":"2011-06-01T09:36:00","modified_gmt":"2011-06-01T09:36:00","slug":"igreja-supera-interesses-politicos-e-economicos-diz-bento-xvi","status":"publish","type":"post","link":"https:\/\/sites.ecclesia.pt\/cv\/igreja-supera-interesses-politicos-e-economicos-diz-bento-xvi\/","title":{"rendered":"Igreja supera interesses pol\u00edticos e econ\u00f3micos, diz Bento XVI"},"content":{"rendered":"<p>Bento XVI afirmou que a ac\u00e7\u00e3o da Igreja supera os meros \u201cinteresses pol\u00edticos e econ\u00f3micos\u201d, apelando aos cat\u00f3licos para que assumam a tarefa de transmitir a sua f\u00e9 \u00e0 sociedade contempor\u00e2nea.<\/p>\n<p>\u201cGrandes santos e santas levaram esperan\u00e7a e paz a cidades inteiras, assim como tantos mission\u00e1rios, cujo nome s\u00f3 Deus conhece, que deram a vida para levar o an\u00fancio de Cristo e fazer florescer entre os homens a alegria profunda\u201d, lembrou o Papa, na recita\u00e7\u00e3o da ora\u00e7\u00e3o do Regina Caeli, pr\u00f3pria do per\u00edodo pascal, no Vaticano.<\/p>\n<p>Perante milhares de peregrinos reunidos na Pra\u00e7a de S\u00e3o Pedro no domingo passado, Bento XVI aludiu ao testemunho das comunidades crist\u00e3s primitivas, no s\u00e9c. I, declarando que \u201cenquanto as pot\u00eancias deste mundo procuravam conquistar novos territ\u00f3rios por interesses pol\u00edticos e econ\u00f3micos, os mensageiros do Evangelho iam por toda a parte para levar Cristo aos homens e os homens a Cristo\u201d.<\/p>\n<p>\u201cTamb\u00e9m hoje a voca\u00e7\u00e3o da Igreja \u00e9 a evangeliza\u00e7\u00e3o\u201d, apontou. Neste contexto, o actual Papa falou do seu predecessor, o beato Jo\u00e3o Paulo II, como um \u201cgrande mission\u00e1rio\u201d que promoveu a chamada \u201cnova evangeliza\u00e7\u00e3o\u201d.<\/p>\n<p>CV \/ Ecclesia<\/p>\n","protected":false},"excerpt":{"rendered":"<p>Bento XVI afirmou que a ac\u00e7\u00e3o da Igreja supera os meros \u201cinteresses pol\u00edticos e econ\u00f3micos\u201d, apelando aos cat\u00f3licos para que assumam a tarefa de transmitir a sua f\u00e9 \u00e0 sociedade contempor\u00e2nea. \u201cGrandes santos e santas levaram esperan\u00e7a e paz a cidades inteiras, assim como tantos mission\u00e1rios, cujo nome s\u00f3 Deus conhece, que deram a vida [&hellip;]<\/p>\n","protected":false},"author":1,"featured_media":0,"comment_status":"open","ping_status":"open","sticky":false,"template":"","format":"standard","meta":{"footnotes":""},"categories":[55],"tags":[],"class_list":["post-23052","post","type-post","status-publish","format-standard","hentry","category-igreja-no-mundo"],"_links":{"self":[{"href":"https:\/\/sites.ecclesia.pt\/cv\/wp-json\/wp\/v2\/posts\/23052","targetHints":{"allow":["GET"]}}],"collection":[{"href":"https:\/\/sites.ecclesia.pt\/cv\/wp-json\/wp\/v2\/posts"}],"about":[{"href":"https:\/\/sites.ecclesia.pt\/cv\/wp-json\/wp\/v2\/types\/post"}],"author":[{"embeddable":true,"href":"https:\/\/sites.ecclesia.pt\/cv\/wp-json\/wp\/v2\/users\/1"}],"replies":[{"embeddable":true,"href":"https:\/\/sites.ecclesia.pt\/cv\/wp-json\/wp\/v2\/comments?post=23052"}],"version-history":[{"count":0,"href":"https:\/\/sites.ecclesia.pt\/cv\/wp-json\/wp\/v2\/posts\/23052\/revisions"}],"wp:attachment":[{"href":"https:\/\/sites.ecclesia.pt\/cv\/wp-json\/wp\/v2\/media?parent=23052"}],"wp:term":[{"taxonomy":"category","embeddable":true,"href":"https:\/\/sites.ecclesia.pt\/cv\/wp-json\/wp\/v2\/categories?post=23052"},{"taxonomy":"post_tag","embeddable":true,"href":"https:\/\/sites.ecclesia.pt\/cv\/wp-json\/wp\/v2\/tags?post=23052"}],"curies":[{"name":"wp","href":"https:\/\/api.w.org\/{rel}","templated":true}]}}